{"id":15826,"date":"2026-09-03T09:51:53","date_gmt":"2026-09-03T07:51:53","guid":{"rendered":"https:\/\/www.valer-f.es\/?p=15826"},"modified":"2026-09-03T10:17:05","modified_gmt":"2026-09-03T08:17:05","slug":"valer-inicia-una-nueva-etapa-con-luis-guanter-palomar-al-frente-de-su-direccion-cientifica","status":"publish","type":"post","link":"https:\/\/www.valer-f.es\/es\/valer-inicia-una-nueva-etapa-con-luis-guanter-palomar-al-frente-de-su-direccion-cientifica\/","title":{"rendered":"ValER inicia una nueva etapa con Luis Guanter Palomar al frente de su Direcci\u00f3n Cient\u00edfica"},"content":{"rendered":"\t\t<div data-elementor-type=\"wp-post\" data-elementor-id=\"15826\" class=\"elementor elementor-15826\" data-elementor-post-type=\"post\">\n\t\t\t\t\t\t<section class=\"elementor-section elementor-top-section elementor-element elementor-element-61b1a83 elementor-section-height-min-height elementor-section-stretched elementor-section-boxed elementor-section-height-default elementor-section-items-middle\" data-id=\"61b1a83\" data-element_type=\"section\" data-e-type=\"section\" data-settings=\"{&quot;stretch_section&quot;:&quot;section-stretched&quot;,&quot;background_background&quot;:&quot;classic&quot;}\">\n\t\t\t\t\t\t<div class=\"elementor-container elementor-column-gap-default\">\n\t\t\t\t\t<div class=\"elementor-column elementor-col-100 elementor-top-column elementor-element elementor-element-9cbf947\" data-id=\"9cbf947\" data-element_type=\"column\" data-e-type=\"column\">\n\t\t\t<div class=\"elementor-widget-wrap\">\n\t\t\t\t\t\t\t<\/div>\n\t\t<\/div>\n\t\t\t\t\t<\/div>\n\t\t<\/section>\n\t\t\t\t<section class=\"elementor-section elementor-top-section elementor-element elementor-element-2c394a6 elementor-section-stretched animated-slow elementor-section-boxed elementor-section-height-default elementor-section-height-default elementor-invisible\" data-id=\"2c394a6\" data-element_type=\"section\" data-e-type=\"section\" data-settings=\"{&quot;background_background&quot;:&quot;classic&quot;,&quot;stretch_section&quot;:&quot;section-stretched&quot;,&quot;animation&quot;:&quot;fadeIn&quot;,&quot;animation_delay&quot;:100}\">\n\t\t\t\t\t\t<div class=\"elementor-container elementor-column-gap-default\">\n\t\t\t\t\t<div class=\"elementor-column elementor-col-100 elementor-top-column elementor-element elementor-element-fd2a4f3\" data-id=\"fd2a4f3\" data-element_type=\"column\" data-e-type=\"column\">\n\t\t\t<div class=\"elementor-widget-wrap elementor-element-populated\">\n\t\t\t\t\t\t<div class=\"elementor-element elementor-element-a1434c1 elementor-widget elementor-widget-heading\" data-id=\"a1434c1\" data-element_type=\"widget\" data-e-type=\"widget\" data-widget_type=\"heading.default\">\n\t\t\t\t<div class=\"elementor-widget-container\">\n\t\t\t\t\t<h1 class=\"elementor-heading-title elementor-size-large\">ValER inicia una nueva etapa con Luis Guanter Palomar al frente de su Direcci\u00f3n Cient\u00edfica<\/h1>\t\t\t\t<\/div>\n\t\t\t\t<\/div>\n\t\t\t\t\t<\/div>\n\t\t<\/div>\n\t\t\t\t\t<\/div>\n\t\t<\/section>\n\t\t\t\t<section class=\"elementor-section elementor-top-section elementor-element elementor-element-dab7470 elementor-section-boxed elementor-section-height-default elementor-section-height-default\" data-id=\"dab7470\" data-element_type=\"section\" data-e-type=\"section\">\n\t\t\t\t\t\t<div class=\"elementor-container elementor-column-gap-default\">\n\t\t\t\t\t<div class=\"elementor-column elementor-col-100 elementor-top-column elementor-element elementor-element-b752ac8\" data-id=\"b752ac8\" data-element_type=\"column\" data-e-type=\"column\">\n\t\t\t<div class=\"elementor-widget-wrap elementor-element-populated\">\n\t\t\t\t\t\t<div class=\"elementor-element elementor-element-009edaf elementor-widget elementor-widget-text-editor\" data-id=\"009edaf\" data-element_type=\"widget\" data-e-type=\"widget\" data-widget_type=\"text-editor.default\">\n\t\t\t\t<div class=\"elementor-widget-container\">\n\t\t\t\t\t\t\t\t\t<p><img fetchpriority=\"high\" decoding=\"async\" class=\"size-medium wp-image-15827 alignright\" src=\"https:\/\/www.valer-f.es\/wp-content\/uploads\/2026\/09\/LuisGuanter_subset_new-300x221.jpg\" alt=\"\" width=\"300\" height=\"221\" srcset=\"https:\/\/www.valer-f.es\/wp-content\/uploads\/2026\/09\/LuisGuanter_subset_new-300x221.jpg 300w, https:\/\/www.valer-f.es\/wp-content\/uploads\/2026\/09\/LuisGuanter_subset_new-1024x756.jpg 1024w, https:\/\/www.valer-f.es\/wp-content\/uploads\/2026\/09\/LuisGuanter_subset_new-768x567.jpg 768w, https:\/\/www.valer-f.es\/wp-content\/uploads\/2026\/09\/LuisGuanter_subset_new-1536x1134.jpg 1536w, https:\/\/www.valer-f.es\/wp-content\/uploads\/2026\/09\/LuisGuanter_subset_new.jpg 1641w\" sizes=\"(max-width: 300px) 100vw, 300px\" \/><\/p><p><strong>Castell\u00f3, 1 de septiembre de 2026.<\/strong> El Patronato de la Fundaci\u00f3n de la Comunitat Valenciana de Investigaci\u00f3n de Excelencia (ValER) acord\u00f3 el pasado 29 de junio el nombramiento del profesor <strong>Luis Guanter Palomar<\/strong> como nuevo director cient\u00edfico de la entidad.<\/p><p>Catedr\u00e1tico de F\u00edsica Aplicada de la Universitat Polit\u00e8cnica de Val\u00e8ncia (UPV), doctor en F\u00edsica por la Universitat de Val\u00e8ncia y referente internacional en observaci\u00f3n de la Tierra mediante sat\u00e9lites, Luis Guanter asume desde el 1 de septiembre la direcci\u00f3n cient\u00edfica de ValER tras una trayectoria investigadora de extraordinario impacto internacional.<\/p><p>Desde 2019, Guanter dirige el grupo de investigaci\u00f3n <strong>LARS (Land and Atmosphere Remote Sensing)<\/strong> del Instituto Universitario de Investigaci\u00f3n de Ingenier\u00eda del Agua y Medio Ambiente (IIAMA) de la UPV, desde donde ha liderado algunos de los avances m\u00e1s relevantes en el desarrollo de tecnolog\u00edas de teledetecci\u00f3n para la monitorizaci\u00f3n de la superficie terrestre y la atm\u00f3sfera. Antes de unirse a la UPV, fue investigador postdoctoral en la Freie Universit\u00e4t Berlin y en la Oxford University, y jefe de la secci\u00f3n de teledetecci\u00f3n del Helmholt Centre for Geosciences, en Potsdam (Alemania). Su trabajo ha sido especialmente determinante en la detecci\u00f3n y cuantificaci\u00f3n de emisiones de metano mediante sat\u00e9lites, contribuyendo al desarrollo de herramientas clave para la lucha contra el cambio clim\u00e1tico y para la implementaci\u00f3n de pol\u00edticas ambientales basadas en evidencia cient\u00edfica.<\/p>\t\t\t\t\t\t\t\t<\/div>\n\t\t\t\t<\/div>\n\t\t\t\t\t<\/div>\n\t\t<\/div>\n\t\t\t\t\t<\/div>\n\t\t<\/section>\n\t\t\t\t<section class=\"elementor-section elementor-top-section elementor-element elementor-element-1a30a0e elementor-section-boxed elementor-section-height-default elementor-section-height-default\" data-id=\"1a30a0e\" data-element_type=\"section\" data-e-type=\"section\">\n\t\t\t\t\t\t<div class=\"elementor-container elementor-column-gap-default\">\n\t\t\t\t\t<div class=\"elementor-column elementor-col-100 elementor-top-column elementor-element elementor-element-23f40b8\" data-id=\"23f40b8\" data-element_type=\"column\" data-e-type=\"column\">\n\t\t\t<div class=\"elementor-widget-wrap elementor-element-populated\">\n\t\t\t\t\t\t<div class=\"elementor-element elementor-element-da8242a elementor-widget elementor-widget-text-editor\" data-id=\"da8242a\" data-element_type=\"widget\" data-e-type=\"widget\" data-widget_type=\"text-editor.default\">\n\t\t\t\t<div class=\"elementor-widget-container\">\n\t\t\t\t\t\t\t\t\t<p>Reconocido de forma continuada entre los investigadores m\u00e1s influyentes del mundo en el \u00e1mbito de las Ciencias de la Tierra por la clasificaci\u00f3n Highly Cited Researchers (HCR) de Clarivate, Luis Guanter ha consolidado una posici\u00f3n de liderazgo cient\u00edfico internacional gracias al impacto de sus publicaciones y al alcance de sus investigaciones. Adem\u00e1s, en 2024 recibi\u00f3 la <strong>Distinci\u00f3n de la Generalitat Valenciana al M\u00e9rito Cient\u00edfico<\/strong> por su excelencia investigadora en el desarrollo de m\u00e9todos satelitales para aplicaciones medioambientales y fue galardonado con el prestigioso <strong>Frontiers Planet Prize<\/strong>, uno de los mayores reconocimientos internacionales en investigaci\u00f3n para la sostenibilidad del planeta.<\/p><p>Su actividad cient\u00edfica se desarrolla en estrecha colaboraci\u00f3n con instituciones de referencia mundial como la Agencia Espacial Europea (ESA), la NASA, el Programa de las Naciones Unidas para el Medio Ambiente (PNUMA) y la organizaci\u00f3n Environmental Defense Fund, convirti\u00e9ndolo en una de las voces con m\u00e1s impacto a nivel global en la aplicaci\u00f3n de la ciencia y la tecnolog\u00eda espacial a los grandes retos ambientales.<\/p><p>\u00a0<\/p><h2><strong>Un relevo que se construye sobre unos cimientos s\u00f3lidos<\/strong><\/h2><div><p>La llegada de Luis Guanter a la direcci\u00f3n cient\u00edfica de ValER coincide con el cierre de una etapa fundamental para la Fundaci\u00f3n, liderada por la profesora <strong>Rosa Llusar Barelles<\/strong>, Catedr\u00e1tica de Qu\u00edmica F\u00edsica de la Universitat Jaume I de Castell\u00f3. Desde su nombramiento como directora cient\u00edfica, Rosa Llusar ha desempe\u00f1ado un papel esencial en la definici\u00f3n de la estrategia cient\u00edfica de ValER y en la puesta en marcha de una instituci\u00f3n llamada a fortalecer el sistema valenciano de ciencia e innovaci\u00f3n mediante la atracci\u00f3n y consolidaci\u00f3n de talento investigador de excelencia.<\/p><p>El Patronato, el equipo de la Fundaci\u00f3n y toda la comunidad vinculada a ValER desean expresar su <strong>m\u00e1s profundo agradecimiento a Rosa Llusar<\/strong> por su dedicaci\u00f3n, visi\u00f3n y compromiso durante estos a\u00f1os. Su liderazgo ha sido determinante en los momentos fundacionales de la instituci\u00f3n. Gracias a su esfuerzo, a su capacidad para generar consensos y a su firme convicci\u00f3n en el valor de la investigaci\u00f3n de excelencia, ValER ha transformado una ambiciosa idea en una realidad que ya comienza a atraer investigadores e investigadoras de prestigio internacional.<\/p><p>Tal es el caso de los primeros cinco investigadores distinguidos seleccionados en la 1\u00aa convocatoria de contrataci\u00f3n ValER, realizada en 2025 e incorporados al sistema valenciano en 2026.<\/p><p>En el \u00e1rea cient\u00edfica de<strong> Ingenier\u00eda<\/strong>; Wael El Deredy, Catedr\u00e1tico de Ingenier\u00eda Biom\u00e9dica procedente de la Universidad de Valpara\u00edso (Chile), adscrito a la Fundaci\u00f3n ValgrAI (Valencian Graduate School and Research Network of Artificial Intelligence); y Ra\u00fal Santos, Catedr\u00e1tico de Ciencia de Datos y Sistemas Inteligentes en la Universidad de Bristol (Reino Unido), adscrito a la Universitat de Val\u00e8ncia.<\/p><p>En el \u00e1rea cient\u00edfica de <strong>Ciencias Experimentales y Matem\u00e1ticas<\/strong>; Iv\u00e1n Agull\u00f3, Catedr\u00e1tico de F\u00edsica en la Universidad Estatal de Luisiana (EE. UU), que se incorpora a la Universitat de Val\u00e8ncia, instituci\u00f3n a trav\u00e9s de la cual formar\u00e1 parte del Instituto de F\u00edsica Corpuscular (IFIC), centro mixto del CSIC y la Universitat de Val\u00e8ncia; Mar\u00eda Val, Profesora Titular e Investigadora Senior de la Universidad de Sheffield (Reino Unido), que pasa a formar parte del IIAMA (Instituto de Ingenier\u00eda del Agua y Medio Ambiente) en la Universitat Polit\u00e8cnica de Val\u00e8ncia; y Jorge Pe\u00f1arrubia, Catedr\u00e1tico de Din\u00e1mica Gravitacional de la Universidad de Edimburgo (Reino Unido) cuyo centro de adscripci\u00f3n ser\u00e1, junto con el profesor Agull\u00f3, el IFIC-CSIC.<\/p><p>El trabajo de Rosa Llusar ha contribuido a dotar a la Fundaci\u00f3n de una identidad cient\u00edfica s\u00f3lida, de una estrategia coherente y de una reputaci\u00f3n que ser\u00e1 clave para afrontar los retos futuros.<\/p><p>\u00a0<\/p><h2><strong>Mirando al futuro<\/strong><\/h2><p>Con la incorporaci\u00f3n de Luis Guanter, ValER inicia una nueva etapa marcada por la vocaci\u00f3n de reforzar su posicionamiento internacional, impulsar la investigaci\u00f3n de excelencia y seguir atrayendo a la Comunitat Valenciana a cient\u00edficos y cient\u00edficas con trayectorias transformadoras. En concreto para 2026 con la resoluci\u00f3n de la segunda convocatoria de plazas permanentes que permitir\u00e1 la selecci\u00f3n e incorporaci\u00f3n de <strong>ocho nuevos investigadores distinguidos ValER<\/strong> y el lanzamiento en los a\u00f1os sucesivos del resto de convocatorias previstas hasta alcanzar la contrataci\u00f3n de 30 investigadores en 2029.<\/p><p>La Fundaci\u00f3n afronta este nuevo ciclo con la convicci\u00f3n de que la experiencia, liderazgo cient\u00edfico y reconocimiento internacional de Luis Guanter contribuir\u00e1n decisivamente a consolidar a ValER como una instituci\u00f3n de referencia en el apoyo a la ciencia de frontera y a la captaci\u00f3n de talento investigador de primer nivel.<\/p><p>La nueva direcci\u00f3n cient\u00edfica seguir\u00e1 desarrollando la misi\u00f3n estrat\u00e9gica de ValER como instrumento de la Generalitat Valenciana para el fortalecimiento del Sistema Valenciano de Ciencia e Investigaci\u00f3n. La Fundaci\u00f3n, adscrita a la Conselleria de Educaci\u00f3n, Cultura y Universidades, trabaja en estrecha colaboraci\u00f3n con las universidades p\u00fablicas, centros de investigaci\u00f3n y agentes del ecosistema cient\u00edfico valenciano.<\/p><p><strong>M\u00e1s informaci\u00f3n<\/strong><\/p><p>www.valer-f.es \u00b7 info@valer-f.es<\/p><p><a href=\"https:\/\/comunica.gva.es\/es\/detalle?id=414581116&amp;site=373430869&amp;utm_medium=email&amp;utm_source=newsletter_comunica-ceice&amp;utm_campaign=2026_09_01_10_32_54&amp;utm_content=La%20Fundaci%C3%B3n%20ValER%20nombra%20a%20Luis%20Guanter%20nuevo%20director%20cient%C3%ADfico%20de%20la%20entidad\">La Fundaci\u00f3n ValER nombra a Luis Guanter nuevo director cient\u00edfico de la entidad<\/a><\/p><\/div>\t\t\t\t\t\t\t\t<\/div>\n\t\t\t\t<\/div>\n\t\t\t\t\t<\/div>\n\t\t<\/div>\n\t\t\t\t\t<\/div>\n\t\t<\/section>\n\t\t\t\t<section class=\"elementor-section elementor-top-section elementor-element elementor-element-3953648 elementor-section-boxed elementor-section-height-default elementor-section-height-default\" data-id=\"3953648\" data-element_type=\"section\" data-e-type=\"section\">\n\t\t\t\t\t\t<div class=\"elementor-container elementor-column-gap-default\">\n\t\t\t\t\t<div class=\"elementor-column elementor-col-100 elementor-top-column elementor-element elementor-element-5c8e96a\" data-id=\"5c8e96a\" data-element_type=\"column\" data-e-type=\"column\">\n\t\t\t<div class=\"elementor-widget-wrap elementor-element-populated\">\n\t\t\t\t\t\t<div class=\"elementor-element elementor-element-014a7c5 elementor-widget elementor-widget-shortcode\" data-id=\"014a7c5\" data-element_type=\"widget\" data-e-type=\"widget\" data-widget_type=\"shortcode.default\">\n\t\t\t\t<div class=\"elementor-widget-container\">\n\t\t\t\t\t\t\t<div class=\"elementor-shortcode\">\t\t<div data-elementor-type=\"section\" data-elementor-id=\"5013\" class=\"elementor elementor-5013\" data-elementor-post-type=\"elementor_library\">\n\t\t\t\t\t<section class=\"elementor-section elementor-top-section elementor-element elementor-element-1035739 elementor-section-boxed elementor-section-height-default elementor-section-height-default\" data-id=\"1035739\" data-element_type=\"section\" data-e-type=\"section\">\n\t\t\t\t\t\t<div class=\"elementor-container elementor-column-gap-default\">\n\t\t\t\t\t<div class=\"elementor-column elementor-col-100 elementor-top-column elementor-element elementor-element-659fcbc\" data-id=\"659fcbc\" data-element_type=\"column\" data-e-type=\"column\">\n\t\t\t<div class=\"elementor-widget-wrap elementor-element-populated\">\n\t\t\t\t\t\t<div class=\"elementor-element elementor-element-0b60a81 elementor-widget-divider--view-line elementor-widget elementor-widget-divider\" data-id=\"0b60a81\" data-element_type=\"widget\" data-e-type=\"widget\" data-widget_type=\"divider.default\">\n\t\t\t\t<div class=\"elementor-widget-container\">\n\t\t\t\t\t\t\t<div class=\"elementor-divider\">\n\t\t\t<span class=\"elementor-divider-separator\">\n\t\t\t\t\t\t<\/span>\n\t\t<\/div>\n\t\t\t\t\t\t<\/div>\n\t\t\t\t<\/div>\n\t\t\t\t\t<\/div>\n\t\t<\/div>\n\t\t\t\t\t<\/div>\n\t\t<\/section>\n\t\t\t\t<section class=\"elementor-section elementor-top-section elementor-element elementor-element-791e3d6 elementor-section-boxed elementor-section-height-default elementor-section-height-default\" data-id=\"791e3d6\" data-element_type=\"section\" data-e-type=\"section\">\n\t\t\t\t\t\t<div class=\"elementor-container elementor-column-gap-default\">\n\t\t\t\t\t<div class=\"elementor-column elementor-col-100 elementor-top-column elementor-element elementor-element-3d5672d\" data-id=\"3d5672d\" data-element_type=\"column\" data-e-type=\"column\">\n\t\t\t<div class=\"elementor-widget-wrap elementor-element-populated\">\n\t\t\t\t\t\t<div class=\"elementor-element elementor-element-a77795f elementor-widget elementor-widget-shortcode\" data-id=\"a77795f\" data-element_type=\"widget\" data-e-type=\"widget\" id=\"custom-share-icons\" data-widget_type=\"shortcode.default\">\n\t\t\t\t<div class=\"elementor-widget-container\">\n\t\t\t\t\t\t\t<div class=\"elementor-shortcode\"><div class=\"single-share-box \"><div class=\"share-link-description\">Compartir esta publicaci\u00f3n<\/div><div class=\"share-buttons\"><a class=\"facebook\" href=\"https:\/\/www.facebook.com\/sharer.php?u=https%3A%2F%2Fwww.valer-f.es%2Fes%2Fvaler-inicia-una-nueva-etapa-con-luis-guanter-palomar-al-frente-de-su-direccion-cientifica%2F&#038;t=ValER+inicia+una+nueva+etapa+con+Luis+Guanter+Palomar+al+frente+de+su+Direcci%C3%B3n+Cient%C3%ADfica\" title=\"Facebook\" target=\"_blank\" ><span class=\"soc-font-icon\"><\/span><span class=\"social-text\">Share on Facebook<\/span><span class=\"screen-reader-text\">Share on Facebook<\/span><\/a><a class=\"twitter\" href=\"https:\/\/twitter.com\/share?url=https%3A%2F%2Fwww.valer-f.es%2Fes%2Fvaler-inicia-una-nueva-etapa-con-luis-guanter-palomar-al-frente-de-su-direccion-cientifica%2F&#038;text=ValER+inicia+una+nueva+etapa+con+Luis+Guanter+Palomar+al+frente+de+su+Direcci%C3%B3n+Cient%C3%ADfica\" title=\"X\" target=\"_blank\" ><span class=\"soc-font-icon\"><\/span><span class=\"social-text\">Share on X<\/span><span class=\"screen-reader-text\">Share on X<\/span><\/a><a class=\"pinterest pinit-marklet\" href=\"\/\/pinterest.com\/pin\/create\/button\/\" title=\"Pinterest\" target=\"_blank\"  data-pin-config=\"above\" data-pin-do=\"buttonBookmark\"><span class=\"soc-font-icon\"><\/span><span class=\"social-text\">Tweet<\/span><span class=\"screen-reader-text\">Share on Pinterest<\/span><\/a><a class=\"linkedin\" href=\"https:\/\/www.linkedin.com\/shareArticle?mini=true&#038;url=https%3A%2F%2Fwww.valer-f.es%2Fes%2Fvaler-inicia-una-nueva-etapa-con-luis-guanter-palomar-al-frente-de-su-direccion-cientifica%2F&#038;title=ValER%20inicia%20una%20nueva%20etapa%20con%20Luis%20Guanter%20Palomar%20al%20frente%20de%20su%20Direcci%C3%B3n%20Cient%C3%ADfica&#038;summary=&#038;source=ValER\" title=\"LinkedIn\" target=\"_blank\" ><span class=\"soc-font-icon\"><\/span><span class=\"social-text\">Share on LinkedIn<\/span><span class=\"screen-reader-text\">Share on LinkedIn<\/span><\/a><a class=\"whatsapp\" href=\"https:\/\/api.whatsapp.com\/send?text=ValER%20inicia%20una%20nueva%20etapa%20con%20Luis%20Guanter%20Palomar%20al%20frente%20de%20su%20Direcci%C3%B3n%20Cient%C3%ADfica%20-%20https%3A%2F%2Fwww.valer-f.es%2Fes%2Fvaler-inicia-una-nueva-etapa-con-luis-guanter-palomar-al-frente-de-su-direccion-cientifica%2F\" title=\"WhatsApp\" target=\"_blank\"  data-action=\"share\/whatsapp\/share\"><span class=\"soc-font-icon\"><\/span><span class=\"social-text\">Share on WhatsApp<\/span><span class=\"screen-reader-text\">Share on WhatsApp<\/span><\/a><\/div><\/div><\/div>\n\t\t\t\t\t\t<\/div>\n\t\t\t\t<\/div>\n\t\t\t\t\t<\/div>\n\t\t<\/div>\n\t\t\t\t\t<\/div>\n\t\t<\/section>\n\t\t\t\t<section class=\"elementor-section elementor-top-section elementor-element elementor-element-2120c25 elementor-section-boxed elementor-section-height-default elementor-section-height-default\" data-id=\"2120c25\" data-element_type=\"section\" data-e-type=\"section\">\n\t\t\t\t\t\t<div class=\"elementor-container elementor-column-gap-default\">\n\t\t\t\t\t<div class=\"elementor-column elementor-col-100 elementor-top-column elementor-element elementor-element-1d957fc\" data-id=\"1d957fc\" data-element_type=\"column\" data-e-type=\"column\">\n\t\t\t<div class=\"elementor-widget-wrap elementor-element-populated\">\n\t\t\t\t\t\t<div class=\"elementor-element elementor-element-4af67e2 elementor-widget-divider--view-line elementor-widget elementor-widget-divider\" data-id=\"4af67e2\" data-element_type=\"widget\" data-e-type=\"widget\" data-widget_type=\"divider.default\">\n\t\t\t\t<div class=\"elementor-widget-container\">\n\t\t\t\t\t\t\t<div class=\"elementor-divider\">\n\t\t\t<span class=\"elementor-divider-separator\">\n\t\t\t\t\t\t<\/span>\n\t\t<\/div>\n\t\t\t\t\t\t<\/div>\n\t\t\t\t<\/div>\n\t\t\t\t\t<\/div>\n\t\t<\/div>\n\t\t\t\t\t<\/div>\n\t\t<\/section>\n\t\t\t\t<section class=\"elementor-section elementor-top-section elementor-element elementor-element-484e5abc elementor-section-boxed elementor-section-height-default elementor-section-height-default\" data-id=\"484e5abc\" data-element_type=\"section\" data-e-type=\"section\" data-settings=\"{&quot;background_background&quot;:&quot;classic&quot;}\">\n\t\t\t\t\t\t<div class=\"elementor-container elementor-column-gap-default\">\n\t\t\t\t\t<div class=\"elementor-column elementor-col-100 elementor-top-column elementor-element elementor-element-685c7515\" data-id=\"685c7515\" data-element_type=\"column\" data-e-type=\"column\">\n\t\t\t<div class=\"elementor-widget-wrap elementor-element-populated\">\n\t\t\t\t\t\t<div class=\"elementor-element elementor-element-3a2d1b7a elementor-widget elementor-widget-text-editor\" data-id=\"3a2d1b7a\" data-element_type=\"widget\" data-e-type=\"widget\" data-widget_type=\"text-editor.default\">\n\t\t\t\t<div class=\"elementor-widget-container\">\n\t\t\t\t\t\t\t\t\t<h2>\u00daLTIMAS NOTICIAS<\/h2>\t\t\t\t\t\t\t\t<\/div>\n\t\t\t\t<\/div>\n\t\t\t\t<div class=\"elementor-element elementor-element-6081c0a4 arrows-relative-to-box_area preserve-img-ratio-cover bullets-small-dot-stroke elementor-widget elementor-widget-the7_elements_carousel\" data-id=\"6081c0a4\" data-element_type=\"widget\" data-e-type=\"widget\" data-settings=\"{&quot;gap_between_posts&quot;:{&quot;unit&quot;:&quot;px&quot;,&quot;size&quot;:30,&quot;sizes&quot;:[]},&quot;widget_columns&quot;:3,&quot;widget_columns_tablet&quot;:2,&quot;widget_columns_mobile&quot;:1,&quot;gap_between_posts_tablet&quot;:{&quot;unit&quot;:&quot;px&quot;,&quot;size&quot;:&quot;&quot;,&quot;sizes&quot;:[]},&quot;gap_between_posts_mobile&quot;:{&quot;unit&quot;:&quot;px&quot;,&quot;size&quot;:&quot;&quot;,&quot;sizes&quot;:[]}}\" data-widget_type=\"the7_elements_carousel.default\">\n\t\t\t\t<div class=\"elementor-widget-container\">\n\t\t\t\t\t<div class=\"disable-arrows-hover-bg the7_elements_carousel-6081c0a4 owl-carousel portfolio-carousel-shortcode elementor-owl-carousel-call portfolio-shortcode the7-elementor-widget content-bg-on classic-layout-list description-under-image meta-info-off enable-bg-rollover\" data-scroll-mode=\"1\" data-auto-height=\"false\" data-speed=\"1000\" data-autoplay=\"false\" data-autoplay_speed=\"\"><article class=\"post visible post-15826 type-post status-publish format-standard has-post-thumbnail hentry category-news\">\n\n\t<div class=\"post-thumbnail-wrap\">\n\t\t<div class=\"post-thumbnail\">\n\n\t\t\t<a class=\"post-thumbnail-rollover layzr-bg img-css-resize-wrapper\" aria-label=\"Post image\" href=\"https:\/\/www.valer-f.es\/es\/valer-inicia-una-nueva-etapa-con-luis-guanter-palomar-al-frente-de-su-direccion-cientifica\/\"><img decoding=\"async\" width=\"1641\" height=\"1211\" src=\"data:image\/svg+xml,%3Csvg%20xmlns%3D&#039;http%3A%2F%2Fwww.w3.org%2F2000%2Fsvg&#039;%20viewBox%3D&#039;0%200%201641%201211&#039;%2F%3E\" class=\"attachment-full size-full preload-me aspect lazy lazy-load\" alt=\"\" sizes=\"(max-width: 1641px) 100vw, 1641px\" style=\"--ratio: 1641 \/ 1211;\" data-src=\"https:\/\/www.valer-f.es\/wp-content\/uploads\/2026\/09\/LuisGuanter_subset_new.jpg\" loading=\"eager\" data-srcset=\"https:\/\/www.valer-f.es\/wp-content\/uploads\/2026\/09\/LuisGuanter_subset_new.jpg 1641w, https:\/\/www.valer-f.es\/wp-content\/uploads\/2026\/09\/LuisGuanter_subset_new-300x221.jpg 300w, https:\/\/www.valer-f.es\/wp-content\/uploads\/2026\/09\/LuisGuanter_subset_new-1024x756.jpg 1024w, https:\/\/www.valer-f.es\/wp-content\/uploads\/2026\/09\/LuisGuanter_subset_new-768x567.jpg 768w, https:\/\/www.valer-f.es\/wp-content\/uploads\/2026\/09\/LuisGuanter_subset_new-1536x1134.jpg 1536w\" \/><\/a>\n\t\t<\/div>\n\t<\/div>\n\n\n<div class=\"post-entry-content\">\n\n\t<h3 class=\"ele-entry-title\"><a href=\"https:\/\/www.valer-f.es\/es\/valer-inicia-una-nueva-etapa-con-luis-guanter-palomar-al-frente-de-su-direccion-cientifica\/\" rel=\"bookmark\" title=\"ValER inicia una nueva etapa con Luis Guanter Palomar al frente de su Direcci\u00f3n Cient\u00edfica\">ValER inicia una nueva etapa con Luis Guanter Palomar al frente de su Direcci\u00f3n Cient\u00edfica<\/a><\/h3>\n<\/div><\/article><article class=\"post visible post-15493 type-post status-publish format-standard has-post-thumbnail hentry category-noticias\">\n\n\t<div class=\"post-thumbnail-wrap\">\n\t\t<div class=\"post-thumbnail\">\n\n\t\t\t<a class=\"post-thumbnail-rollover layzr-bg img-css-resize-wrapper\" aria-label=\"Post image\" href=\"https:\/\/www.valer-f.es\/es\/el-profesor-inigo-losada-miembro-del-consejo-cientifico-asesor-de-valer-recibe-el-premio-nacional-de-ingenieria-civil-2026\/\"><img decoding=\"async\" width=\"421\" height=\"349\" src=\"data:image\/svg+xml,%3Csvg%20xmlns%3D&#039;http%3A%2F%2Fwww.w3.org%2F2000%2Fsvg&#039;%20viewBox%3D&#039;0%200%20421%20349&#039;%2F%3E\" class=\"attachment-full size-full preload-me aspect lazy lazy-load\" alt=\"\" sizes=\"(max-width: 421px) 100vw, 421px\" style=\"--ratio: 421 \/ 349;\" data-src=\"https:\/\/www.valer-f.es\/wp-content\/uploads\/2026\/07\/professorlosada-1.jpg\" loading=\"eager\" data-srcset=\"https:\/\/www.valer-f.es\/wp-content\/uploads\/2026\/07\/professorlosada-1.jpg 421w, https:\/\/www.valer-f.es\/wp-content\/uploads\/2026\/07\/professorlosada-1-300x249.jpg 300w\" \/><\/a>\n\t\t<\/div>\n\t<\/div>\n\n\n<div class=\"post-entry-content\">\n\n\t<h3 class=\"ele-entry-title\"><a href=\"https:\/\/www.valer-f.es\/es\/el-profesor-inigo-losada-miembro-del-consejo-cientifico-asesor-de-valer-recibe-el-premio-nacional-de-ingenieria-civil-2026\/\" rel=\"bookmark\" title=\"El Profesor \u00cd\u00f1igo Losada, miembro del Consejo Cient\u00edfico Asesor de ValER, recibe el Premio Nacional de Ingenier\u00eda Civil 2026\">El Profesor \u00cd\u00f1igo Losada, miembro del Consejo Cient\u00edfico Asesor de ValER, recibe el Premio Nacional de Ingenier\u00eda Civil 2026<\/a><\/h3>\n<\/div><\/article><article class=\"post visible post-15494 type-post status-publish format-standard has-post-thumbnail hentry category-noticias\">\n\n\t<div class=\"post-thumbnail-wrap\">\n\t\t<div class=\"post-thumbnail\">\n\n\t\t\t<a class=\"post-thumbnail-rollover layzr-bg img-css-resize-wrapper\" aria-label=\"Post image\" href=\"https:\/\/www.valer-f.es\/es\/el-patronato-de-valer-se-refuerza-con-la-incorporacion-de-la-rectora-de-la-universidad-de-alicante-y-dos-investigadores-valencianos-de-reconocido-prestigio-internacional\/\"><img decoding=\"async\" width=\"477\" height=\"479\" src=\"data:image\/svg+xml,%3Csvg%20xmlns%3D&#039;http%3A%2F%2Fwww.w3.org%2F2000%2Fsvg&#039;%20viewBox%3D&#039;0%200%20477%20479&#039;%2F%3E\" class=\"attachment-full size-full preload-me aspect lazy lazy-load\" alt=\"\" sizes=\"(max-width: 477px) 100vw, 477px\" style=\"--ratio: 477 \/ 479;\" data-src=\"https:\/\/www.valer-f.es\/wp-content\/uploads\/2026\/07\/logos-valer-2026_ES.png\" loading=\"eager\" data-srcset=\"https:\/\/www.valer-f.es\/wp-content\/uploads\/2026\/07\/logos-valer-2026_ES.png 477w, https:\/\/www.valer-f.es\/wp-content\/uploads\/2026\/07\/logos-valer-2026_ES-300x300.png 300w, https:\/\/www.valer-f.es\/wp-content\/uploads\/2026\/07\/logos-valer-2026_ES-150x150.png 150w\" \/><\/a>\n\t\t<\/div>\n\t<\/div>\n\n\n<div class=\"post-entry-content\">\n\n\t<h3 class=\"ele-entry-title\"><a href=\"https:\/\/www.valer-f.es\/es\/el-patronato-de-valer-se-refuerza-con-la-incorporacion-de-la-rectora-de-la-universidad-de-alicante-y-dos-investigadores-valencianos-de-reconocido-prestigio-internacional\/\" rel=\"bookmark\" title=\"El Patronato de ValER se refuerza con la incorporaci\u00f3n de la Rectora de la Universidad de Alicante y dos investigadores valencianos de reconocido prestigio internacional\">El Patronato de ValER se refuerza con la incorporaci\u00f3n de la Rectora de la Universidad de Alicante y dos investigadores valencianos de reconocido prestigio internacional<\/a><\/h3>\n<\/div><\/article><article class=\"post visible post-15219 type-post status-publish format-standard has-post-thumbnail hentry category-news category-sin-categorizar\">\n\n\t<div class=\"post-thumbnail-wrap\">\n\t\t<div class=\"post-thumbnail\">\n\n\t\t\t<a class=\"post-thumbnail-rollover layzr-bg img-css-resize-wrapper\" aria-label=\"Post image\" href=\"https:\/\/www.valer-f.es\/es\/la-fundacion-valer-adscrita-a-la-generalitat-convoca-ocho-plazas-permanentes-de-investigador-distinguido-en-la-comunitat-valenciana\/\"><img decoding=\"async\" width=\"1672\" height=\"941\" src=\"data:image\/svg+xml,%3Csvg%20xmlns%3D&#039;http%3A%2F%2Fwww.w3.org%2F2000%2Fsvg&#039;%20viewBox%3D&#039;0%200%201672%20941&#039;%2F%3E\" class=\"attachment-full size-full preload-me aspect lazy lazy-load\" alt=\"\" sizes=\"(max-width: 1672px) 100vw, 1672px\" style=\"--ratio: 1672 \/ 941;\" data-src=\"https:\/\/www.valer-f.es\/wp-content\/uploads\/2026\/05\/20260511-nota-prensa-convocatoria-2026-header.jpg\" loading=\"eager\" data-srcset=\"https:\/\/www.valer-f.es\/wp-content\/uploads\/2026\/05\/20260511-nota-prensa-convocatoria-2026-header.jpg 1672w, https:\/\/www.valer-f.es\/wp-content\/uploads\/2026\/05\/20260511-nota-prensa-convocatoria-2026-header-300x169.jpg 300w, https:\/\/www.valer-f.es\/wp-content\/uploads\/2026\/05\/20260511-nota-prensa-convocatoria-2026-header-1024x576.jpg 1024w, https:\/\/www.valer-f.es\/wp-content\/uploads\/2026\/05\/20260511-nota-prensa-convocatoria-2026-header-768x432.jpg 768w, https:\/\/www.valer-f.es\/wp-content\/uploads\/2026\/05\/20260511-nota-prensa-convocatoria-2026-header-1536x864.jpg 1536w\" \/><\/a>\n\t\t<\/div>\n\t<\/div>\n\n\n<div class=\"post-entry-content\">\n\n\t<h3 class=\"ele-entry-title\"><a href=\"https:\/\/www.valer-f.es\/es\/la-fundacion-valer-adscrita-a-la-generalitat-convoca-ocho-plazas-permanentes-de-investigador-distinguido-en-la-comunitat-valenciana\/\" rel=\"bookmark\" title=\"La Fundaci\u00f3n ValER, adscrita a la Generalitat, convoca ocho plazas permanentes de investigador distinguido en la Comunitat Valenciana\">La Fundaci\u00f3n ValER, adscrita a la Generalitat, convoca ocho plazas permanentes de investigador distinguido en la Comunitat Valenciana<\/a><\/h3>\n<\/div><\/article><article class=\"post visible post-14831 type-post status-publish format-standard has-post-thumbnail hentry category-noticias\">\n\n\t<div class=\"post-thumbnail-wrap\">\n\t\t<div class=\"post-thumbnail\">\n\n\t\t\t<a class=\"post-thumbnail-rollover layzr-bg img-css-resize-wrapper\" aria-label=\"Post image\" href=\"https:\/\/www.valer-f.es\/es\/la-consellera-de-educacion-cultura-y-universidades-recibe-al-profesor-wael-el-deredy-primer-investigador-distinguido-incorporado-a-la-fundacion-valer-en-el-marco-de-su-programa-de-captacion-de-talen\/\"><img decoding=\"async\" width=\"1500\" height=\"1300\" src=\"data:image\/svg+xml,%3Csvg%20xmlns%3D&#039;http%3A%2F%2Fwww.w3.org%2F2000%2Fsvg&#039;%20viewBox%3D&#039;0%200%201500%201300&#039;%2F%3E\" class=\"attachment-full size-full preload-me aspect lazy lazy-load\" alt=\"\" sizes=\"(max-width: 1500px) 100vw, 1500px\" style=\"--ratio: 1500 \/ 1300;\" data-src=\"https:\/\/www.valer-f.es\/wp-content\/uploads\/2026\/02\/260223_EDUC_VAIER_id.jpg\" loading=\"eager\" data-srcset=\"https:\/\/www.valer-f.es\/wp-content\/uploads\/2026\/02\/260223_EDUC_VAIER_id.jpg 1500w, https:\/\/www.valer-f.es\/wp-content\/uploads\/2026\/02\/260223_EDUC_VAIER_id-300x260.jpg 300w, https:\/\/www.valer-f.es\/wp-content\/uploads\/2026\/02\/260223_EDUC_VAIER_id-1024x887.jpg 1024w, https:\/\/www.valer-f.es\/wp-content\/uploads\/2026\/02\/260223_EDUC_VAIER_id-768x666.jpg 768w\" \/><\/a>\n\t\t<\/div>\n\t<\/div>\n\n\n<div class=\"post-entry-content\">\n\n\t<h3 class=\"ele-entry-title\"><a href=\"https:\/\/www.valer-f.es\/es\/la-consellera-de-educacion-cultura-y-universidades-recibe-al-profesor-wael-el-deredy-primer-investigador-distinguido-incorporado-a-la-fundacion-valer-en-el-marco-de-su-programa-de-captacion-de-talen\/\" rel=\"bookmark\" title=\"La Consellera de Educaci\u00f3n, Cultura y Universidades recibe al profesor Wael El-Deredy, primer investigador distinguido incorporado a la Fundaci\u00f3n ValER en el marco de su programa de captaci\u00f3n de talento cient\u00edfico\">La Consellera de Educaci\u00f3n, Cultura y Universidades recibe al profesor Wael El-Deredy, primer investigador distinguido incorporado a la Fundaci\u00f3n ValER en el marco de su programa de captaci\u00f3n de talento cient\u00edfico<\/a><\/h3>\n<\/div><\/article><article class=\"post visible post-14987 type-post status-publish format-standard has-post-thumbnail hentry category-noticias\">\n\n\t<div class=\"post-thumbnail-wrap\">\n\t\t<div class=\"post-thumbnail\">\n\n\t\t\t<a class=\"post-thumbnail-rollover layzr-bg img-css-resize-wrapper\" aria-label=\"Post image\" href=\"https:\/\/www.valer-f.es\/es\/valer-culmina-con-exito-su-primera-convocatoria-e-incorpora-a-la-comunitat-valenciana-talento-investigador-de-excelencia-internacional\/\"><img decoding=\"async\" width=\"1000\" height=\"667\" src=\"data:image\/svg+xml,%3Csvg%20xmlns%3D&#039;http%3A%2F%2Fwww.w3.org%2F2000%2Fsvg&#039;%20viewBox%3D&#039;0%200%201000%20667&#039;%2F%3E\" class=\"attachment-full size-full preload-me aspect lazy lazy-load\" alt=\"Resultado Convocatorias ValER 2025\" sizes=\"(max-width: 1000px) 100vw, 1000px\" style=\"--ratio: 1000 \/ 667;\" data-src=\"https:\/\/www.valer-f.es\/wp-content\/uploads\/2026\/04\/resultado-convocatorias-valER-2025-id.jpg\" loading=\"eager\" data-srcset=\"https:\/\/www.valer-f.es\/wp-content\/uploads\/2026\/04\/resultado-convocatorias-valER-2025-id.jpg 1000w, https:\/\/www.valer-f.es\/wp-content\/uploads\/2026\/04\/resultado-convocatorias-valER-2025-id-300x200.jpg 300w, https:\/\/www.valer-f.es\/wp-content\/uploads\/2026\/04\/resultado-convocatorias-valER-2025-id-768x512.jpg 768w\" \/><\/a>\n\t\t<\/div>\n\t<\/div>\n\n\n<div class=\"post-entry-content\">\n\n\t<h3 class=\"ele-entry-title\"><a href=\"https:\/\/www.valer-f.es\/es\/valer-culmina-con-exito-su-primera-convocatoria-e-incorpora-a-la-comunitat-valenciana-talento-investigador-de-excelencia-internacional\/\" rel=\"bookmark\" title=\"ValER culmina con \u00e9xito su primera convocatoria e incorpora a la Comunitat Valenciana talento investigador de excelencia internacional\">ValER culmina con \u00e9xito su primera convocatoria e incorpora a la Comunitat Valenciana talento investigador de excelencia internacional<\/a><\/h3>\n<\/div><\/article><\/div><div class=\"owl-nav disabled\"><div class=\"owl-prev\" role=\"button\" tabindex=\"0\" aria-label=\"Prev slide\"><i class=\"fas fa-chevron-left\"><\/i><\/div><div class=\"owl-next\" role=\"button\" tabindex=\"0\" aria-label=\"Next slide\"><i class=\"fas fa-chevron-right\"><\/i><\/div><\/div>\t\t\t\t<\/div>\n\t\t\t\t<\/div>\n\t\t\t\t\t<\/div>\n\t\t<\/div>\n\t\t\t\t\t<\/div>\n\t\t<\/section>\n\t\t\t\t<\/div>\n\t\t<\/div>\n\t\t\t\t\t\t<\/div>\n\t\t\t\t<\/div>\n\t\t\t\t\t<\/div>\n\t\t<\/div>\n\t\t\t\t\t<\/div>\n\t\t<\/section>\n\t\t\t\t<\/div>\n\t\t","protected":false},"excerpt":{"rendered":"<p>Castell\u00f3, 1 de septiembre de 2026. El Patronato de la Fundaci\u00f3n de la Comunitat Valenciana de Investigaci\u00f3n de Excelencia (ValER) acord\u00f3 el pasado 29 de junio el nombramiento del profesor Luis Guanter Palomar como nuevo director cient\u00edfico de la entidad. Catedr\u00e1tico de F\u00edsica Aplicada de la Universitat Polit\u00e8cnica de Val\u00e8ncia (UPV), doctor en F\u00edsica por&hellip;<\/p>\n","protected":false},"author":3,"featured_media":15827,"comment_status":"closed","ping_status":"closed","sticky":false,"template":"","format":"standard","meta":{"footnotes":""},"categories":[78],"tags":[],"class_list":["post-15826","post","type-post","status-publish","format-standard","has-post-thumbnail","hentry","category-news"],"_links":{"self":[{"href":"https:\/\/www.valer-f.es\/es\/wp-json\/wp\/v2\/posts\/15826","targetHints":{"allow":["GET"]}}],"collection":[{"href":"https:\/\/www.valer-f.es\/es\/wp-json\/wp\/v2\/posts"}],"about":[{"href":"https:\/\/www.valer-f.es\/es\/wp-json\/wp\/v2\/types\/post"}],"author":[{"embeddable":true,"href":"https:\/\/www.valer-f.es\/es\/wp-json\/wp\/v2\/users\/3"}],"replies":[{"embeddable":true,"href":"https:\/\/www.valer-f.es\/es\/wp-json\/wp\/v2\/comments?post=15826"}],"version-history":[{"count":7,"href":"https:\/\/www.valer-f.es\/es\/wp-json\/wp\/v2\/posts\/15826\/revisions"}],"predecessor-version":[{"id":15852,"href":"https:\/\/www.valer-f.es\/es\/wp-json\/wp\/v2\/posts\/15826\/revisions\/15852"}],"wp:featuredmedia":[{"embeddable":true,"href":"https:\/\/www.valer-f.es\/es\/wp-json\/wp\/v2\/media\/15827"}],"wp:attachment":[{"href":"https:\/\/www.valer-f.es\/es\/wp-json\/wp\/v2\/media?parent=15826"}],"wp:term":[{"taxonomy":"category","embeddable":true,"href":"https:\/\/www.valer-f.es\/es\/wp-json\/wp\/v2\/categories?post=15826"},{"taxonomy":"post_tag","embeddable":true,"href":"https:\/\/www.valer-f.es\/es\/wp-json\/wp\/v2\/tags?post=15826"}],"curies":[{"name":"wp","href":"https:\/\/api.w.org\/{rel}","templated":true}]}}