{"id":15834,"date":"2026-09-03T09:51:53","date_gmt":"2026-09-03T07:51:53","guid":{"rendered":"https:\/\/www.valer-f.es\/valer-inicia-una-nueva-etapa-con-luis-guanter-palomar-al-frente-de-su-direccion-cientifica\/"},"modified":"2026-09-03T10:21:13","modified_gmt":"2026-09-03T08:21:13","slug":"valer-inicia-una-nova-etapa-amb-luis-guanter-palomar-al-capdavant-de-la-seua-direccio-cientifica","status":"publish","type":"post","link":"https:\/\/www.valer-f.es\/ca\/valer-inicia-una-nova-etapa-amb-luis-guanter-palomar-al-capdavant-de-la-seua-direccio-cientifica\/","title":{"rendered":"ValER inicia una nova etapa amb Luis Guanter Palomar al capdavant de la seua Direcci\u00f3 Cient\u00edfica"},"content":{"rendered":"\t\t<div data-elementor-type=\"wp-post\" data-elementor-id=\"15834\" class=\"elementor elementor-15834 elementor-15826\" data-elementor-post-type=\"post\">\n\t\t\t\t\t\t<section class=\"elementor-section elementor-top-section elementor-element elementor-element-61b1a83 elementor-section-height-min-height elementor-section-stretched elementor-section-boxed elementor-section-height-default elementor-section-items-middle\" data-id=\"61b1a83\" data-element_type=\"section\" data-e-type=\"section\" data-settings=\"{&quot;stretch_section&quot;:&quot;section-stretched&quot;,&quot;background_background&quot;:&quot;classic&quot;}\">\n\t\t\t\t\t\t<div class=\"elementor-container elementor-column-gap-default\">\n\t\t\t\t\t<div class=\"elementor-column elementor-col-100 elementor-top-column elementor-element elementor-element-9cbf947\" data-id=\"9cbf947\" data-element_type=\"column\" data-e-type=\"column\">\n\t\t\t<div class=\"elementor-widget-wrap\">\n\t\t\t\t\t\t\t<\/div>\n\t\t<\/div>\n\t\t\t\t\t<\/div>\n\t\t<\/section>\n\t\t\t\t<section class=\"elementor-section elementor-top-section elementor-element elementor-element-2c394a6 elementor-section-stretched animated-slow elementor-section-boxed elementor-section-height-default elementor-section-height-default elementor-invisible\" data-id=\"2c394a6\" data-element_type=\"section\" data-e-type=\"section\" data-settings=\"{&quot;background_background&quot;:&quot;classic&quot;,&quot;stretch_section&quot;:&quot;section-stretched&quot;,&quot;animation&quot;:&quot;fadeIn&quot;,&quot;animation_delay&quot;:100}\">\n\t\t\t\t\t\t<div class=\"elementor-container elementor-column-gap-default\">\n\t\t\t\t\t<div class=\"elementor-column elementor-col-100 elementor-top-column elementor-element elementor-element-fd2a4f3\" data-id=\"fd2a4f3\" data-element_type=\"column\" data-e-type=\"column\">\n\t\t\t<div class=\"elementor-widget-wrap elementor-element-populated\">\n\t\t\t\t\t\t<div class=\"elementor-element elementor-element-a1434c1 elementor-widget elementor-widget-heading\" data-id=\"a1434c1\" data-element_type=\"widget\" data-e-type=\"widget\" data-widget_type=\"heading.default\">\n\t\t\t\t<div class=\"elementor-widget-container\">\n\t\t\t\t\t<h1 class=\"elementor-heading-title elementor-size-large\">ValER inicia una nova etapa amb Luis Guanter Palomar al capdavant de la seua Direcci\u00f3 Cient\u00edfica<\/h1>\t\t\t\t<\/div>\n\t\t\t\t<\/div>\n\t\t\t\t\t<\/div>\n\t\t<\/div>\n\t\t\t\t\t<\/div>\n\t\t<\/section>\n\t\t\t\t<section class=\"elementor-section elementor-top-section elementor-element elementor-element-dab7470 elementor-section-boxed elementor-section-height-default elementor-section-height-default\" data-id=\"dab7470\" data-element_type=\"section\" data-e-type=\"section\">\n\t\t\t\t\t\t<div class=\"elementor-container elementor-column-gap-default\">\n\t\t\t\t\t<div class=\"elementor-column elementor-col-100 elementor-top-column elementor-element elementor-element-b752ac8\" data-id=\"b752ac8\" data-element_type=\"column\" data-e-type=\"column\">\n\t\t\t<div class=\"elementor-widget-wrap elementor-element-populated\">\n\t\t\t\t\t\t<div class=\"elementor-element elementor-element-009edaf elementor-widget elementor-widget-text-editor\" data-id=\"009edaf\" data-element_type=\"widget\" data-e-type=\"widget\" data-widget_type=\"text-editor.default\">\n\t\t\t\t<div class=\"elementor-widget-container\">\n\t\t\t\t\t\t\t\t\t<p><img fetchpriority=\"high\" decoding=\"async\" class=\"size-medium wp-image-15827 alignright\" src=\"https:\/\/www.valer-f.es\/wp-content\/uploads\/2026\/09\/LuisGuanter_subset_new-300x221.jpg\" alt=\"\" width=\"300\" height=\"221\" srcset=\"https:\/\/www.valer-f.es\/wp-content\/uploads\/2026\/09\/LuisGuanter_subset_new-300x221.jpg 300w, https:\/\/www.valer-f.es\/wp-content\/uploads\/2026\/09\/LuisGuanter_subset_new-1024x756.jpg 1024w, https:\/\/www.valer-f.es\/wp-content\/uploads\/2026\/09\/LuisGuanter_subset_new-768x567.jpg 768w, https:\/\/www.valer-f.es\/wp-content\/uploads\/2026\/09\/LuisGuanter_subset_new-1536x1134.jpg 1536w, https:\/\/www.valer-f.es\/wp-content\/uploads\/2026\/09\/LuisGuanter_subset_new.jpg 1641w\" sizes=\"(max-width: 300px) 100vw, 300px\" \/><\/p><p><strong>Castell\u00f3, 1 de setembre de 2026.<\/strong> El Patronat de la Fundaci\u00f3 de la Comunitat Valenciana d&#8217;Investigaci\u00f3 d&#8217;Excel\u00b7l\u00e8ncia (ValER) va acordar el passat 29 de juny el nomenament del professor <strong>Luis Guanter Palomar<\/strong> com a nou director cient\u00edfic de l&#8217;entitat.<\/p><p>Catedr\u00e0tic de F\u00edsica Aplicada de la Universitat Polit\u00e8cnica de Val\u00e8ncia\u00a0\u00a0 (UPV), doctor en F\u00edsica per la Universitat de Val\u00e8ncia i referent internacional en observaci\u00f3 de la Terra mitjan\u00e7ant sat\u00e8l\u00b7lits, Luis Guanter assumix des de l&#8217;1 de setembre la direcci\u00f3 cient\u00edfica de ValER despr\u00e9s d&#8217;una traject\u00f2ria investigadora d&#8217;extraordinari impacte internacional.<\/p><p>Des de 2019, Guanter dirigix el grup d&#8217;investigaci\u00f3 <strong>LARS (Land and Atmosphere remalnom Sensing)<\/strong> de l&#8217;Institut Universitari d&#8217;Investigaci\u00f3 d&#8217;Enginyeria de l&#8217;Aigua i Medi Ambient (IIAMA) de la UPV, des d&#8217;on ha liderat alguns dels avan\u00e7os m\u00e9s rellevants en el desenrotllament de tecnologies de teledetecci\u00f3 per al monitoratge de la superf\u00edcie terrestre i l&#8217;atmosfera. Abans d&#8217;unir-se a la UPV, va ser investigador postdoctoral en la Freie Universit\u00e4t Berlin i a l&#8217;Oxford University, i cap de la secci\u00f3 de teledetecci\u00f3 del Helmholt Centre for Geosciences, a Potsdam (Alemanya). El seu treball ha sigut especialment determinant en la detecci\u00f3 i quantificaci\u00f3 d&#8217;emissions de met\u00e0 mitjan\u00e7ant sat\u00e8l\u00b7lits, contribuint al desenrotllament de ferramentes clau per a la lluita contra el canvi clim\u00e0tic i per a la implementaci\u00f3 de pol\u00edtiques ambientals basades en evid\u00e8ncia cient\u00edfica.<\/p>\t\t\t\t\t\t\t\t<\/div>\n\t\t\t\t<\/div>\n\t\t\t\t\t<\/div>\n\t\t<\/div>\n\t\t\t\t\t<\/div>\n\t\t<\/section>\n\t\t\t\t<section class=\"elementor-section elementor-top-section elementor-element elementor-element-1a30a0e elementor-section-boxed elementor-section-height-default elementor-section-height-default\" data-id=\"1a30a0e\" data-element_type=\"section\" data-e-type=\"section\">\n\t\t\t\t\t\t<div class=\"elementor-container elementor-column-gap-default\">\n\t\t\t\t\t<div class=\"elementor-column elementor-col-100 elementor-top-column elementor-element elementor-element-23f40b8\" data-id=\"23f40b8\" data-element_type=\"column\" data-e-type=\"column\">\n\t\t\t<div class=\"elementor-widget-wrap elementor-element-populated\">\n\t\t\t\t\t\t<div class=\"elementor-element elementor-element-da8242a elementor-widget elementor-widget-text-editor\" data-id=\"da8242a\" data-element_type=\"widget\" data-e-type=\"widget\" data-widget_type=\"text-editor.default\">\n\t\t\t\t<div class=\"elementor-widget-container\">\n\t\t\t\t\t\t\t\t\t<p>Reconegut de forma continuada entre els investigadors m\u00e9s influents del m\u00f3n en l&#8217;\u00e0mbit de les Ci\u00e8ncies de la Terra per la classificaci\u00f3 Highly Cited Researchers (HCR) de Clarivate, Luis Guanter ha consolidat una posici\u00f3 de lideratge cient\u00edfic internacional gr\u00e0cies a l&#8217;impacte de les seues publicacions i a l&#8217;abast de les seues investigacions. A m\u00e9s, en 2024 va rebre la <strong>Distinci\u00f3 de la Generalitat Valenciana al M\u00e8rit Cient\u00edfic<\/strong> per la seua excel\u00b7l\u00e8ncia investigadora en el desenrotllament de m\u00e8todes satel\u00b7litaris per a aplicacions mediambientals i va ser guardonat amb el prestigi\u00f3s <strong>Frontiers Planet Prize<\/strong>, un dels majors reconeixements internacionals en investigaci\u00f3 per a la sostenibilitat del planeta.<\/p><p>La seua activitat cient\u00edfica es desenrotlla en estreta col\u00b7laboraci\u00f3 amb institucions de refer\u00e8ncia mundial com l&#8217;Ag\u00e8ncia Espacial Europea (EIXA), la NASA, el Programa de les Nacions Unides per al Medi Ambient (PNUMA) i l&#8217;organitzaci\u00f3 Environmental Defense Fund, convertint-lo en una de les veus amb m\u00e9s impacte a nivell global en l&#8217;aplicaci\u00f3 de la ci\u00e8ncia i la tecnologia espacial als grans reptes ambientals.<\/p><p>\u00a0<\/p><h2><strong>Un relleu que es constru\u00efx sobre uns fonaments s\u00f2lids<\/strong><\/h2><p>L&#8217;arribada de Luis Guanter a la direcci\u00f3 cient\u00edfica de ValER coincideix amb el tancament d&#8217;una etapa fonamental per a la Fundaci\u00f3, liderada per la professora <strong>Rosa Llusar Barelles<\/strong>, Catedr\u00e0tica de Qu\u00edmica F\u00edsica de la Universitat Jaume I de Castell\u00f3. Des del seu nomenament com a directora cient\u00edfica, Rosa Llusar ha exercit un paper essencial en la definici\u00f3 de l&#8217;estrat\u00e8gia cient\u00edfica de ValER i en la posada en marxa d&#8217;una instituci\u00f3 cridada a enfortir el sistema valenci\u00e0 de ci\u00e8ncia i innovaci\u00f3 mitjan\u00e7ant l&#8217;atracci\u00f3 i consolidaci\u00f3 de talent investigador d&#8217;excel\u00b7l\u00e8ncia.<\/p><p>El Patronat, l&#8217;equip de la Fundaci\u00f3 i tota la comunitat vinculada a ValER desitgen expressar el seu <strong>m\u00e9s profund agra\u00efment a Rosa Llusar<\/strong> per la seua dedicaci\u00f3, visi\u00f3 i comprom\u00eds durant estos anys. El seu lideratge ha sigut determinant en els moments fundacionals de la instituci\u00f3. Gr\u00e0cies al seu esfor\u00e7, a la seua capacitat per a generar consensos i a la seua ferma convicci\u00f3 en el valor de la investigaci\u00f3 d&#8217;excel\u00b7l\u00e8ncia, ValER ha transformat una ambiciosa idea en una realitat que ja comen\u00e7a a atraure investigadors i investigadores de prestigi internacional.<\/p><p>Tal \u00e9s el cas dels primers cinc investigadors distingits seleccionats en la 1a convocat\u00f2ria de contractaci\u00f3 ValER, realitzada en 2025 i incorporats al sistema valenci\u00e0 en 2026.<\/p><p>En l&#8217;\u00e0rea cient\u00edfica d&#8217;Enginyeria ; Wael El Deredy, Catedr\u00e0tic d&#8217;Enginyeria Biom\u00e8dica procedent de la Universitat de Valpara\u00edso (Xile), adscrit a la Fundaci\u00f3 ValgrAI (Valencian Graduate School and Research Network of Artificial Intelligence); i Ra\u00fal Santos, Catedr\u00e0tic de Ci\u00e8ncia de Dades i Sistemes Intel\u00b7ligents en la Universitat de Bristol (el Regne Unit), adscrit a la Universitat de Val\u00e8ncia.<\/p><p>En l&#8217;\u00e0rea cient\u00edfica de <strong>Ci\u00e8ncies Experimentals i Matem\u00e0tiques<\/strong>; Iv\u00e1n Agull\u00f3, Catedr\u00e0tic de F\u00edsica en la Universitat Estatal de Louisiana (EE.UU), que s&#8217;incorpora a la Universitat de Val\u00e8ncia, instituci\u00f3 a trav\u00e9s de la qual formar\u00e0 part de l&#8217;Institut de F\u00edsica Corpuscular (IFIC), centre mixt del CSIC i la Universitat de Val\u00e8ncia; Mar\u00eda Val, Professora Titular i Investigadora S\u00e8nior de la Universitat de Sheffield (el Regne Unit), que passa a formar part del IIAMA (Institut d&#8217;Enginyeria de l&#8217;Aigua i Medi Ambient) a la Universitat Polit\u00e8cnica de Val\u00e8ncia; i Jorge Pe\u00f1arrubia, Catedr\u00e0tic de Din\u00e0mica Gravitacional de la Universitat d&#8217;Edimburg (el Regne Unit) el centre d&#8217;adscripci\u00f3 de la qual ser\u00e0, juntament amb el professor Agull\u00f3, el IFIC-CSIC.<\/p><p>El treball de Rosa Llusar ha contribu\u00eft a dotar a la Fundaci\u00f3 d&#8217;una identitat cient\u00edfica s\u00f2lida, d&#8217;una estrat\u00e8gia coherent i d&#8217;una reputaci\u00f3 que ser\u00e0 clau per a afrontar els reptes futurs.<\/p><p>\u00a0<\/p><h2><strong>Mirant al futur<\/strong><\/h2><p>Amb la incorporaci\u00f3 de Luis Guanter, ValER inicia una nova etapa marcada per la vocaci\u00f3 de refor\u00e7ar el seu posicionament internacional, impulsar la investigaci\u00f3 d&#8217;excel\u00b7l\u00e8ncia i continuar atraient a la Comunitat Valenciana a cient\u00edfics i cient\u00edfiques amb traject\u00f2ries transformadores. En concret per a 2026 amb la resoluci\u00f3 de la segona convocat\u00f2ria de places permanents que permetr\u00e0 la selecci\u00f3 i incorporaci\u00f3 de <strong>huit nous investigadors distingits ValER<\/strong> i el llan\u00e7ament en els anys successius de la resta de convocat\u00f2ries previstes fins a aconseguir la contractaci\u00f3 de 30 investigadors en 2029.<\/p><p>La Fundaci\u00f3 afronta este nou cicle amb la convicci\u00f3 que l&#8217;experi\u00e8ncia, lideratge cient\u00edfic i reconeixement internacional de Luis Guanter contribuiran decisivament a consolidar a ValER com una instituci\u00f3 de refer\u00e8ncia en el suport a la ci\u00e8ncia de frontera i a la captaci\u00f3 de talent investigador de primer nivell.<\/p><p>La nova direcci\u00f3 cient\u00edfica continuar\u00e0 desenrotllant la missi\u00f3 estrat\u00e8gica de ValER com a instrument de la Generalitat Valenciana per a l&#8217;enfortiment del Sistema Valenci\u00e0 de Ci\u00e8ncia i Investigaci\u00f3. La Fundaci\u00f3, adscrita a la Conselleria d&#8217;Educaci\u00f3, Cultura i Universitats, treballa en estreta col\u00b7laboraci\u00f3 amb les universitats p\u00fabliques, centres d&#8217;investigaci\u00f3 i agents de l&#8217;ecosistema cient\u00edfic valenci\u00e0.<\/p><p>\u00a0<\/p><p><strong>M\u00e9s informaci\u00f3<\/strong><\/p><p>www.valer-f.es \u00b7 info@valer-f.es<\/p><p><a href=\"https:\/\/comunica.gva.es\/va\/detalle?id=414581116&amp;site=373430869&amp;utm_medium=email&amp;utm_source=newsletter_comunica-ceice&amp;utm_campaign=2026_09_01_10_32_54&amp;utm_content=La%20Fundaci%C3%B3n%20ValER%20nombra%20a%20Luis%20Guanter%20nuevo%20director%20cient%C3%ADfico%20de%20la%20entidad\">La Fundaci\u00f3 ValER nomena Luis Guanter nou director cient\u00edfic de l\u2019entitat<\/a><\/p><div>\u00a0<\/div>\t\t\t\t\t\t\t\t<\/div>\n\t\t\t\t<\/div>\n\t\t\t\t\t<\/div>\n\t\t<\/div>\n\t\t\t\t\t<\/div>\n\t\t<\/section>\n\t\t\t\t<section class=\"elementor-section elementor-top-section elementor-element elementor-element-3953648 elementor-section-boxed elementor-section-height-default elementor-section-height-default\" data-id=\"3953648\" data-element_type=\"section\" data-e-type=\"section\">\n\t\t\t\t\t\t<div class=\"elementor-container elementor-column-gap-default\">\n\t\t\t\t\t<div class=\"elementor-column elementor-col-100 elementor-top-column elementor-element elementor-element-5c8e96a\" data-id=\"5c8e96a\" data-element_type=\"column\" data-e-type=\"column\">\n\t\t\t<div class=\"elementor-widget-wrap elementor-element-populated\">\n\t\t\t\t\t\t<div class=\"elementor-element elementor-element-014a7c5 elementor-widget elementor-widget-shortcode\" data-id=\"014a7c5\" data-element_type=\"widget\" data-e-type=\"widget\" data-widget_type=\"shortcode.default\">\n\t\t\t\t<div class=\"elementor-widget-container\">\n\t\t\t\t\t\t\t<div class=\"elementor-shortcode\">\t\t<div data-elementor-type=\"section\" data-elementor-id=\"11135\" class=\"elementor elementor-11135 elementor-5013 elementor-5013\" data-elementor-post-type=\"elementor_library\">\n\t\t\t\t\t<section class=\"elementor-section elementor-top-section elementor-element elementor-element-1035739 elementor-section-boxed elementor-section-height-default elementor-section-height-default\" data-id=\"1035739\" data-element_type=\"section\" data-e-type=\"section\">\n\t\t\t\t\t\t<div class=\"elementor-container elementor-column-gap-default\">\n\t\t\t\t\t<div class=\"elementor-column elementor-col-100 elementor-top-column elementor-element elementor-element-659fcbc\" data-id=\"659fcbc\" data-element_type=\"column\" data-e-type=\"column\">\n\t\t\t<div class=\"elementor-widget-wrap elementor-element-populated\">\n\t\t\t\t\t\t<div class=\"elementor-element elementor-element-0b60a81 elementor-widget-divider--view-line elementor-widget elementor-widget-divider\" data-id=\"0b60a81\" data-element_type=\"widget\" data-e-type=\"widget\" data-widget_type=\"divider.default\">\n\t\t\t\t<div class=\"elementor-widget-container\">\n\t\t\t\t\t\t\t<div class=\"elementor-divider\">\n\t\t\t<span class=\"elementor-divider-separator\">\n\t\t\t\t\t\t<\/span>\n\t\t<\/div>\n\t\t\t\t\t\t<\/div>\n\t\t\t\t<\/div>\n\t\t\t\t\t<\/div>\n\t\t<\/div>\n\t\t\t\t\t<\/div>\n\t\t<\/section>\n\t\t\t\t<section class=\"elementor-section elementor-top-section elementor-element elementor-element-791e3d6 elementor-section-boxed elementor-section-height-default elementor-section-height-default\" data-id=\"791e3d6\" data-element_type=\"section\" data-e-type=\"section\">\n\t\t\t\t\t\t<div class=\"elementor-container elementor-column-gap-default\">\n\t\t\t\t\t<div class=\"elementor-column elementor-col-100 elementor-top-column elementor-element elementor-element-3d5672d\" data-id=\"3d5672d\" data-element_type=\"column\" data-e-type=\"column\">\n\t\t\t<div class=\"elementor-widget-wrap elementor-element-populated\">\n\t\t\t\t\t\t<div class=\"elementor-element elementor-element-a77795f elementor-widget elementor-widget-shortcode\" data-id=\"a77795f\" data-element_type=\"widget\" data-e-type=\"widget\" id=\"custom-share-icons\" data-widget_type=\"shortcode.default\">\n\t\t\t\t<div class=\"elementor-widget-container\">\n\t\t\t\t\t\t\t<div class=\"elementor-shortcode\"><div class=\"single-share-box \"><div class=\"share-link-description\">Compartir aquesta publicaci\u00f3<\/div><div class=\"share-buttons\"><a class=\"facebook\" href=\"https:\/\/www.facebook.com\/sharer.php?u=https%3A%2F%2Fwww.valer-f.es%2Fca%2Fvaler-inicia-una-nova-etapa-amb-luis-guanter-palomar-al-capdavant-de-la-seua-direccio-cientifica%2F&#038;t=ValER+inicia+una+nova+etapa+amb+Luis+Guanter+Palomar+al+capdavant+de+la+seua+Direcci%C3%B3+Cient%C3%ADfica\" title=\"Facebook\" target=\"_blank\" ><span class=\"soc-font-icon\"><\/span><span class=\"social-text\">Share on Facebook<\/span><span class=\"screen-reader-text\">Share on Facebook<\/span><\/a><a class=\"twitter\" href=\"https:\/\/twitter.com\/share?url=https%3A%2F%2Fwww.valer-f.es%2Fca%2Fvaler-inicia-una-nova-etapa-amb-luis-guanter-palomar-al-capdavant-de-la-seua-direccio-cientifica%2F&#038;text=ValER+inicia+una+nova+etapa+amb+Luis+Guanter+Palomar+al+capdavant+de+la+seua+Direcci%C3%B3+Cient%C3%ADfica\" title=\"X\" target=\"_blank\" ><span class=\"soc-font-icon\"><\/span><span class=\"social-text\">Share on X<\/span><span class=\"screen-reader-text\">Share on X<\/span><\/a><a class=\"pinterest pinit-marklet\" href=\"\/\/pinterest.com\/pin\/create\/button\/\" title=\"Pinterest\" target=\"_blank\"  data-pin-config=\"above\" data-pin-do=\"buttonBookmark\"><span class=\"soc-font-icon\"><\/span><span class=\"social-text\">Pin it<\/span><span class=\"screen-reader-text\">Share on Pinterest<\/span><\/a><a class=\"linkedin\" href=\"https:\/\/www.linkedin.com\/shareArticle?mini=true&#038;url=https%3A%2F%2Fwww.valer-f.es%2Fca%2Fvaler-inicia-una-nova-etapa-amb-luis-guanter-palomar-al-capdavant-de-la-seua-direccio-cientifica%2F&#038;title=ValER%20inicia%20una%20nova%20etapa%20amb%20Luis%20Guanter%20Palomar%20al%20capdavant%20de%20la%20seua%20Direcci%C3%B3%20Cient%C3%ADfica&#038;summary=&#038;source=ValER\" title=\"LinkedIn\" target=\"_blank\" ><span class=\"soc-font-icon\"><\/span><span class=\"social-text\">Share on LinkedIn<\/span><span class=\"screen-reader-text\">Share on LinkedIn<\/span><\/a><a class=\"whatsapp\" href=\"https:\/\/api.whatsapp.com\/send?text=ValER%20inicia%20una%20nova%20etapa%20amb%20Luis%20Guanter%20Palomar%20al%20capdavant%20de%20la%20seua%20Direcci%C3%B3%20Cient%C3%ADfica%20-%20https%3A%2F%2Fwww.valer-f.es%2Fca%2Fvaler-inicia-una-nova-etapa-amb-luis-guanter-palomar-al-capdavant-de-la-seua-direccio-cientifica%2F\" title=\"WhatsApp\" target=\"_blank\"  data-action=\"share\/whatsapp\/share\"><span class=\"soc-font-icon\"><\/span><span class=\"social-text\">Share on WhatsApp<\/span><span class=\"screen-reader-text\">Share on WhatsApp<\/span><\/a><\/div><\/div><\/div>\n\t\t\t\t\t\t<\/div>\n\t\t\t\t<\/div>\n\t\t\t\t\t<\/div>\n\t\t<\/div>\n\t\t\t\t\t<\/div>\n\t\t<\/section>\n\t\t\t\t<section class=\"elementor-section elementor-top-section elementor-element elementor-element-2120c25 elementor-section-boxed elementor-section-height-default elementor-section-height-default\" data-id=\"2120c25\" data-element_type=\"section\" data-e-type=\"section\">\n\t\t\t\t\t\t<div class=\"elementor-container elementor-column-gap-default\">\n\t\t\t\t\t<div class=\"elementor-column elementor-col-100 elementor-top-column elementor-element elementor-element-1d957fc\" data-id=\"1d957fc\" data-element_type=\"column\" data-e-type=\"column\">\n\t\t\t<div class=\"elementor-widget-wrap elementor-element-populated\">\n\t\t\t\t\t\t<div class=\"elementor-element elementor-element-4af67e2 elementor-widget-divider--view-line elementor-widget elementor-widget-divider\" data-id=\"4af67e2\" data-element_type=\"widget\" data-e-type=\"widget\" data-widget_type=\"divider.default\">\n\t\t\t\t<div class=\"elementor-widget-container\">\n\t\t\t\t\t\t\t<div class=\"elementor-divider\">\n\t\t\t<span class=\"elementor-divider-separator\">\n\t\t\t\t\t\t<\/span>\n\t\t<\/div>\n\t\t\t\t\t\t<\/div>\n\t\t\t\t<\/div>\n\t\t\t\t\t<\/div>\n\t\t<\/div>\n\t\t\t\t\t<\/div>\n\t\t<\/section>\n\t\t\t\t<section class=\"elementor-section elementor-top-section elementor-element elementor-element-484e5abc elementor-section-boxed elementor-section-height-default elementor-section-height-default\" data-id=\"484e5abc\" data-element_type=\"section\" data-e-type=\"section\" data-settings=\"{&quot;background_background&quot;:&quot;classic&quot;}\">\n\t\t\t\t\t\t<div class=\"elementor-container elementor-column-gap-default\">\n\t\t\t\t\t<div class=\"elementor-column elementor-col-100 elementor-top-column elementor-element elementor-element-685c7515\" data-id=\"685c7515\" data-element_type=\"column\" data-e-type=\"column\">\n\t\t\t<div class=\"elementor-widget-wrap elementor-element-populated\">\n\t\t\t\t\t\t<div class=\"elementor-element elementor-element-3a2d1b7a elementor-widget elementor-widget-text-editor\" data-id=\"3a2d1b7a\" data-element_type=\"widget\" data-e-type=\"widget\" data-widget_type=\"text-editor.default\">\n\t\t\t\t<div class=\"elementor-widget-container\">\n\t\t\t\t\t\t\t\t\t<h2>\u00daLTIMES NOT\u00cdCIES<\/h2>\t\t\t\t\t\t\t\t<\/div>\n\t\t\t\t<\/div>\n\t\t\t\t<div class=\"elementor-element elementor-element-6081c0a4 arrows-relative-to-box_area preserve-img-ratio-cover bullets-small-dot-stroke elementor-widget elementor-widget-the7_elements_carousel\" data-id=\"6081c0a4\" data-element_type=\"widget\" data-e-type=\"widget\" data-settings=\"{&quot;gap_between_posts&quot;:{&quot;unit&quot;:&quot;px&quot;,&quot;size&quot;:30,&quot;sizes&quot;:[]},&quot;widget_columns&quot;:3,&quot;widget_columns_tablet&quot;:2,&quot;widget_columns_mobile&quot;:1,&quot;gap_between_posts_tablet&quot;:{&quot;unit&quot;:&quot;px&quot;,&quot;size&quot;:&quot;&quot;,&quot;sizes&quot;:[]},&quot;gap_between_posts_mobile&quot;:{&quot;unit&quot;:&quot;px&quot;,&quot;size&quot;:&quot;&quot;,&quot;sizes&quot;:[]}}\" data-widget_type=\"the7_elements_carousel.default\">\n\t\t\t\t<div class=\"elementor-widget-container\">\n\t\t\t\t\t<div class=\"disable-arrows-hover-bg the7_elements_carousel-6081c0a4 owl-carousel portfolio-carousel-shortcode elementor-owl-carousel-call portfolio-shortcode the7-elementor-widget content-bg-on classic-layout-list description-under-image meta-info-off enable-bg-rollover\" data-scroll-mode=\"1\" data-auto-height=\"false\" data-speed=\"1000\" data-autoplay=\"false\" data-autoplay_speed=\"\"><article class=\"post visible post-15834 type-post status-publish format-standard has-post-thumbnail hentry category-noticies\">\n\n\t<div class=\"post-thumbnail-wrap\">\n\t\t<div class=\"post-thumbnail\">\n\n\t\t\t<a class=\"post-thumbnail-rollover layzr-bg img-css-resize-wrapper\" aria-label=\"Post image\" href=\"https:\/\/www.valer-f.es\/ca\/valer-inicia-una-nova-etapa-amb-luis-guanter-palomar-al-capdavant-de-la-seua-direccio-cientifica\/\"><img decoding=\"async\" width=\"1641\" height=\"1211\" src=\"data:image\/svg+xml,%3Csvg%20xmlns%3D&#039;http%3A%2F%2Fwww.w3.org%2F2000%2Fsvg&#039;%20viewBox%3D&#039;0%200%201641%201211&#039;%2F%3E\" class=\"attachment-full size-full preload-me aspect lazy lazy-load\" alt=\"\" sizes=\"(max-width: 1641px) 100vw, 1641px\" style=\"--ratio: 1641 \/ 1211;\" data-src=\"https:\/\/www.valer-f.es\/wp-content\/uploads\/2026\/09\/LuisGuanter_subset_new.jpg\" loading=\"eager\" data-srcset=\"https:\/\/www.valer-f.es\/wp-content\/uploads\/2026\/09\/LuisGuanter_subset_new.jpg 1641w, https:\/\/www.valer-f.es\/wp-content\/uploads\/2026\/09\/LuisGuanter_subset_new-300x221.jpg 300w, https:\/\/www.valer-f.es\/wp-content\/uploads\/2026\/09\/LuisGuanter_subset_new-1024x756.jpg 1024w, https:\/\/www.valer-f.es\/wp-content\/uploads\/2026\/09\/LuisGuanter_subset_new-768x567.jpg 768w, https:\/\/www.valer-f.es\/wp-content\/uploads\/2026\/09\/LuisGuanter_subset_new-1536x1134.jpg 1536w\" \/><\/a>\n\t\t<\/div>\n\t<\/div>\n\n\n<div class=\"post-entry-content\">\n\n\t<h3 class=\"ele-entry-title\"><a href=\"https:\/\/www.valer-f.es\/ca\/valer-inicia-una-nova-etapa-amb-luis-guanter-palomar-al-capdavant-de-la-seua-direccio-cientifica\/\" rel=\"bookmark\" title=\"ValER inicia una nova etapa amb Luis Guanter Palomar al capdavant de la seua Direcci\u00f3 Cient\u00edfica\">ValER inicia una nova etapa amb Luis Guanter Palomar al capdavant de la seua Direcci\u00f3 Cient\u00edfica<\/a><\/h3>\n<\/div><\/article><article class=\"post visible post-15558 type-post status-publish format-standard has-post-thumbnail hentry category-noticies\">\n\n\t<div class=\"post-thumbnail-wrap\">\n\t\t<div class=\"post-thumbnail\">\n\n\t\t\t<a class=\"post-thumbnail-rollover layzr-bg img-css-resize-wrapper\" aria-label=\"Post image\" href=\"https:\/\/www.valer-f.es\/ca\/el-profesor-inigo-losada-miembro-del-consejo-cientifico-asesor-de-valer-recibe-el-premio-nacional-de-ingenieria-civil-2026\/\"><img decoding=\"async\" width=\"421\" height=\"349\" src=\"data:image\/svg+xml,%3Csvg%20xmlns%3D&#039;http%3A%2F%2Fwww.w3.org%2F2000%2Fsvg&#039;%20viewBox%3D&#039;0%200%20421%20349&#039;%2F%3E\" class=\"attachment-full size-full preload-me aspect lazy lazy-load\" alt=\"\" sizes=\"(max-width: 421px) 100vw, 421px\" style=\"--ratio: 421 \/ 349;\" data-src=\"https:\/\/www.valer-f.es\/wp-content\/uploads\/2026\/07\/professorlosada-1.jpg\" loading=\"eager\" data-srcset=\"https:\/\/www.valer-f.es\/wp-content\/uploads\/2026\/07\/professorlosada-1.jpg 421w, https:\/\/www.valer-f.es\/wp-content\/uploads\/2026\/07\/professorlosada-1-300x249.jpg 300w\" \/><\/a>\n\t\t<\/div>\n\t<\/div>\n\n\n<div class=\"post-entry-content\">\n\n\t<h3 class=\"ele-entry-title\"><a href=\"https:\/\/www.valer-f.es\/ca\/el-profesor-inigo-losada-miembro-del-consejo-cientifico-asesor-de-valer-recibe-el-premio-nacional-de-ingenieria-civil-2026\/\" rel=\"bookmark\" title=\"El Professor \u00cd\u00f1igo Losada, membre del Consell Cient\u00edfic Assessor de ValER, rep el Premi Nacional d&#8217;Enginyeria Civil 2026\">El Professor \u00cd\u00f1igo Losada, membre del Consell Cient\u00edfic Assessor de ValER, rep el Premi Nacional d&#8217;Enginyeria Civil 2026<\/a><\/h3>\n<\/div><\/article><article class=\"post visible post-15545 type-post status-publish format-standard has-post-thumbnail hentry category-noticies\">\n\n\t<div class=\"post-thumbnail-wrap\">\n\t\t<div class=\"post-thumbnail\">\n\n\t\t\t<a class=\"post-thumbnail-rollover layzr-bg img-css-resize-wrapper\" aria-label=\"Post image\" href=\"https:\/\/www.valer-f.es\/ca\/el-patronato-de-valer-se-refuerza-con-la-incorporacion-de-la-rectora-de-la-universidad-de-alicante-y-dos-investigadores-valencianos-de-reconocido-prestigio-internacional\/\"><img decoding=\"async\" width=\"477\" height=\"479\" src=\"data:image\/svg+xml,%3Csvg%20xmlns%3D&#039;http%3A%2F%2Fwww.w3.org%2F2000%2Fsvg&#039;%20viewBox%3D&#039;0%200%20477%20479&#039;%2F%3E\" class=\"attachment-full size-full preload-me aspect lazy lazy-load\" alt=\"\" sizes=\"(max-width: 477px) 100vw, 477px\" style=\"--ratio: 477 \/ 479;\" data-src=\"https:\/\/www.valer-f.es\/wp-content\/uploads\/2026\/07\/logos-valer-2026_VA.png\" loading=\"eager\" data-srcset=\"https:\/\/www.valer-f.es\/wp-content\/uploads\/2026\/07\/logos-valer-2026_VA.png 477w, https:\/\/www.valer-f.es\/wp-content\/uploads\/2026\/07\/logos-valer-2026_VA-300x300.png 300w, https:\/\/www.valer-f.es\/wp-content\/uploads\/2026\/07\/logos-valer-2026_VA-150x150.png 150w\" \/><\/a>\n\t\t<\/div>\n\t<\/div>\n\n\n<div class=\"post-entry-content\">\n\n\t<h3 class=\"ele-entry-title\"><a href=\"https:\/\/www.valer-f.es\/ca\/el-patronato-de-valer-se-refuerza-con-la-incorporacion-de-la-rectora-de-la-universidad-de-alicante-y-dos-investigadores-valencianos-de-reconocido-prestigio-internacional\/\" rel=\"bookmark\" title=\"El Patronat de ValER es refor\u00e7a amb la incorporaci\u00f3 de la Rectora de la Universitat d&#8217;Alacant i dos investigadors valencians de reconegut prestigi internacional\">El Patronat de ValER es refor\u00e7a amb la incorporaci\u00f3 de la Rectora de la Universitat d&#8217;Alacant i dos investigadors valencians de reconegut prestigi internacional<\/a><\/h3>\n<\/div><\/article><article class=\"post visible post-15239 type-post status-publish format-standard has-post-thumbnail hentry category-noticies\">\n\n\t<div class=\"post-thumbnail-wrap\">\n\t\t<div class=\"post-thumbnail\">\n\n\t\t\t<a class=\"post-thumbnail-rollover layzr-bg img-css-resize-wrapper\" aria-label=\"Post image\" href=\"https:\/\/www.valer-f.es\/ca\/la-fundacio-valer-adscrita-a-la-generalitat-convoca-huit-places-permanents-dinvestigador-distingit-en-la-comunitat-valenciana\/\"><img decoding=\"async\" width=\"1672\" height=\"941\" src=\"data:image\/svg+xml,%3Csvg%20xmlns%3D&#039;http%3A%2F%2Fwww.w3.org%2F2000%2Fsvg&#039;%20viewBox%3D&#039;0%200%201672%20941&#039;%2F%3E\" class=\"attachment-full size-full preload-me aspect lazy lazy-load\" alt=\"\" sizes=\"(max-width: 1672px) 100vw, 1672px\" style=\"--ratio: 1672 \/ 941;\" data-src=\"https:\/\/www.valer-f.es\/wp-content\/uploads\/2026\/05\/20260511-nota-prensa-convocatoria-2026-header.jpg\" loading=\"eager\" data-srcset=\"https:\/\/www.valer-f.es\/wp-content\/uploads\/2026\/05\/20260511-nota-prensa-convocatoria-2026-header.jpg 1672w, https:\/\/www.valer-f.es\/wp-content\/uploads\/2026\/05\/20260511-nota-prensa-convocatoria-2026-header-300x169.jpg 300w, https:\/\/www.valer-f.es\/wp-content\/uploads\/2026\/05\/20260511-nota-prensa-convocatoria-2026-header-1024x576.jpg 1024w, https:\/\/www.valer-f.es\/wp-content\/uploads\/2026\/05\/20260511-nota-prensa-convocatoria-2026-header-768x432.jpg 768w, https:\/\/www.valer-f.es\/wp-content\/uploads\/2026\/05\/20260511-nota-prensa-convocatoria-2026-header-1536x864.jpg 1536w\" \/><\/a>\n\t\t<\/div>\n\t<\/div>\n\n\n<div class=\"post-entry-content\">\n\n\t<h3 class=\"ele-entry-title\"><a href=\"https:\/\/www.valer-f.es\/ca\/la-fundacio-valer-adscrita-a-la-generalitat-convoca-huit-places-permanents-dinvestigador-distingit-en-la-comunitat-valenciana\/\" rel=\"bookmark\" title=\"La Fundaci\u00f3 ValER, adscrita a la Generalitat, convoca huit places permanents d&#8217;investigador distingit en la Comunitat Valenciana\">La Fundaci\u00f3 ValER, adscrita a la Generalitat, convoca huit places permanents d&#8217;investigador distingit en la Comunitat Valenciana<\/a><\/h3>\n<\/div><\/article><article class=\"post visible post-14843 type-post status-publish format-standard has-post-thumbnail hentry category-noticies\">\n\n\t<div class=\"post-thumbnail-wrap\">\n\t\t<div class=\"post-thumbnail\">\n\n\t\t\t<a class=\"post-thumbnail-rollover layzr-bg img-css-resize-wrapper\" aria-label=\"Post image\" href=\"https:\/\/www.valer-f.es\/ca\/la-consellera-deducacio-cultura-i-universitats-rep-al-professor-wael-el-deredy-primer-investigador-distingit-incorporat-a-la-fundacio-valer-en-el-marc-del-seu-programa-de-captacio-de-talent-cientif\/\"><img decoding=\"async\" width=\"1500\" height=\"1300\" src=\"data:image\/svg+xml,%3Csvg%20xmlns%3D&#039;http%3A%2F%2Fwww.w3.org%2F2000%2Fsvg&#039;%20viewBox%3D&#039;0%200%201500%201300&#039;%2F%3E\" class=\"attachment-full size-full preload-me aspect lazy lazy-load\" alt=\"\" sizes=\"(max-width: 1500px) 100vw, 1500px\" style=\"--ratio: 1500 \/ 1300;\" data-src=\"https:\/\/www.valer-f.es\/wp-content\/uploads\/2026\/02\/260223_EDUC_VAIER_id.jpg\" loading=\"eager\" data-srcset=\"https:\/\/www.valer-f.es\/wp-content\/uploads\/2026\/02\/260223_EDUC_VAIER_id.jpg 1500w, https:\/\/www.valer-f.es\/wp-content\/uploads\/2026\/02\/260223_EDUC_VAIER_id-300x260.jpg 300w, https:\/\/www.valer-f.es\/wp-content\/uploads\/2026\/02\/260223_EDUC_VAIER_id-1024x887.jpg 1024w, https:\/\/www.valer-f.es\/wp-content\/uploads\/2026\/02\/260223_EDUC_VAIER_id-768x666.jpg 768w\" \/><\/a>\n\t\t<\/div>\n\t<\/div>\n\n\n<div class=\"post-entry-content\">\n\n\t<h3 class=\"ele-entry-title\"><a href=\"https:\/\/www.valer-f.es\/ca\/la-consellera-deducacio-cultura-i-universitats-rep-al-professor-wael-el-deredy-primer-investigador-distingit-incorporat-a-la-fundacio-valer-en-el-marc-del-seu-programa-de-captacio-de-talent-cientif\/\" rel=\"bookmark\" title=\"La Consellera d&#8217;Educaci\u00f3, Cultura i Universitats rep al professor Wael El-Deredy, primer investigador distingit incorporat a la Fundaci\u00f3 ValER en el marc del seu programa de captaci\u00f3 de talent cient\u00edfic\">La Consellera d&#8217;Educaci\u00f3, Cultura i Universitats rep al professor Wael El-Deredy, primer investigador distingit incorporat a la Fundaci\u00f3 ValER en el marc del seu programa de captaci\u00f3 de talent cient\u00edfic<\/a><\/h3>\n<\/div><\/article><article class=\"post visible post-15002 type-post status-publish format-standard has-post-thumbnail hentry category-noticies\">\n\n\t<div class=\"post-thumbnail-wrap\">\n\t\t<div class=\"post-thumbnail\">\n\n\t\t\t<a class=\"post-thumbnail-rollover layzr-bg img-css-resize-wrapper\" aria-label=\"Post image\" href=\"https:\/\/www.valer-f.es\/ca\/valer-culmina-amb-exit-la-seua-primera-convocatoria-i-incorpora-a-la-comunitat-valenciana-talent-investigador-dexcel%c2%b7lencia-internacional\/\"><img decoding=\"async\" width=\"1000\" height=\"667\" src=\"data:image\/svg+xml,%3Csvg%20xmlns%3D&#039;http%3A%2F%2Fwww.w3.org%2F2000%2Fsvg&#039;%20viewBox%3D&#039;0%200%201000%20667&#039;%2F%3E\" class=\"attachment-full size-full preload-me aspect lazy lazy-load\" alt=\"Resultado Convocatorias ValER 2025\" sizes=\"(max-width: 1000px) 100vw, 1000px\" style=\"--ratio: 1000 \/ 667;\" data-src=\"https:\/\/www.valer-f.es\/wp-content\/uploads\/2026\/04\/resultado-convocatorias-valER-2025-id.jpg\" loading=\"eager\" data-srcset=\"https:\/\/www.valer-f.es\/wp-content\/uploads\/2026\/04\/resultado-convocatorias-valER-2025-id.jpg 1000w, https:\/\/www.valer-f.es\/wp-content\/uploads\/2026\/04\/resultado-convocatorias-valER-2025-id-300x200.jpg 300w, https:\/\/www.valer-f.es\/wp-content\/uploads\/2026\/04\/resultado-convocatorias-valER-2025-id-768x512.jpg 768w\" \/><\/a>\n\t\t<\/div>\n\t<\/div>\n\n\n<div class=\"post-entry-content\">\n\n\t<h3 class=\"ele-entry-title\"><a href=\"https:\/\/www.valer-f.es\/ca\/valer-culmina-amb-exit-la-seua-primera-convocatoria-i-incorpora-a-la-comunitat-valenciana-talent-investigador-dexcel%c2%b7lencia-internacional\/\" rel=\"bookmark\" title=\"ValER culmina amb \u00e8xit la seua primera convocat\u00f2ria i incorpora a la Comunitat Valenciana talent investigador d&#8217;excel\u00b7l\u00e8ncia internacional\">ValER culmina amb \u00e8xit la seua primera convocat\u00f2ria i incorpora a la Comunitat Valenciana talent investigador d&#8217;excel\u00b7l\u00e8ncia internacional<\/a><\/h3>\n<\/div><\/article><\/div><div class=\"owl-nav disabled\"><div class=\"owl-prev\" role=\"button\" tabindex=\"0\" aria-label=\"Prev slide\"><i class=\"fas fa-chevron-left\"><\/i><\/div><div class=\"owl-next\" role=\"button\" tabindex=\"0\" aria-label=\"Next slide\"><i class=\"fas fa-chevron-right\"><\/i><\/div><\/div>\t\t\t\t<\/div>\n\t\t\t\t<\/div>\n\t\t\t\t\t<\/div>\n\t\t<\/div>\n\t\t\t\t\t<\/div>\n\t\t<\/section>\n\t\t\t\t<\/div>\n\t\t<\/div>\n\t\t\t\t\t\t<\/div>\n\t\t\t\t<\/div>\n\t\t\t\t\t<\/div>\n\t\t<\/div>\n\t\t\t\t\t<\/div>\n\t\t<\/section>\n\t\t\t\t<\/div>\n\t\t","protected":false},"excerpt":{"rendered":"<p>Castell\u00f3, 1 de setembre de 2026. El Patronat de la Fundaci\u00f3 de la Comunitat Valenciana d&#8217;Investigaci\u00f3 d&#8217;Excel\u00b7l\u00e8ncia (ValER) va acordar el passat 29 de juny el nomenament del professor Luis Guanter Palomar com a nou director cient\u00edfic de l&#8217;entitat. Catedr\u00e0tic de F\u00edsica Aplicada de la Universitat Polit\u00e8cnica de Val\u00e8ncia\u00a0\u00a0 (UPV), doctor en F\u00edsica per la&hellip;<\/p>\n","protected":false},"author":3,"featured_media":15828,"comment_status":"closed","ping_status":"closed","sticky":false,"template":"","format":"standard","meta":{"footnotes":""},"categories":[77],"tags":[],"class_list":["post-15834","post","type-post","status-publish","format-standard","has-post-thumbnail","hentry","category-noticies"],"_links":{"self":[{"href":"https:\/\/www.valer-f.es\/ca\/wp-json\/wp\/v2\/posts\/15834","targetHints":{"allow":["GET"]}}],"collection":[{"href":"https:\/\/www.valer-f.es\/ca\/wp-json\/wp\/v2\/posts"}],"about":[{"href":"https:\/\/www.valer-f.es\/ca\/wp-json\/wp\/v2\/types\/post"}],"author":[{"embeddable":true,"href":"https:\/\/www.valer-f.es\/ca\/wp-json\/wp\/v2\/users\/3"}],"replies":[{"embeddable":true,"href":"https:\/\/www.valer-f.es\/ca\/wp-json\/wp\/v2\/comments?post=15834"}],"version-history":[{"count":8,"href":"https:\/\/www.valer-f.es\/ca\/wp-json\/wp\/v2\/posts\/15834\/revisions"}],"predecessor-version":[{"id":15853,"href":"https:\/\/www.valer-f.es\/ca\/wp-json\/wp\/v2\/posts\/15834\/revisions\/15853"}],"wp:featuredmedia":[{"embeddable":true,"href":"https:\/\/www.valer-f.es\/ca\/wp-json\/wp\/v2\/media\/15828"}],"wp:attachment":[{"href":"https:\/\/www.valer-f.es\/ca\/wp-json\/wp\/v2\/media?parent=15834"}],"wp:term":[{"taxonomy":"category","embeddable":true,"href":"https:\/\/www.valer-f.es\/ca\/wp-json\/wp\/v2\/categories?post=15834"},{"taxonomy":"post_tag","embeddable":true,"href":"https:\/\/www.valer-f.es\/ca\/wp-json\/wp\/v2\/tags?post=15834"}],"curies":[{"name":"wp","href":"https:\/\/api.w.org\/{rel}","templated":true}]}}