{"id":11297,"date":"2022-05-13T15:27:13","date_gmt":"2022-05-13T13:27:13","guid":{"rendered":"https:\/\/www.valer-f.es\/?p=11297"},"modified":"2022-06-08T19:56:09","modified_gmt":"2022-06-08T17:56:09","slug":"el-consell-cientific-assessor-de-valer-es-reuneix-per-primera-vegada-per-a-definir-els-criteris-davaluacio-de-la-proxima-convocatoria","status":"publish","type":"post","link":"https:\/\/www.valer-f.es\/ca\/el-consell-cientific-assessor-de-valer-es-reuneix-per-primera-vegada-per-a-definir-els-criteris-davaluacio-de-la-proxima-convocatoria\/","title":{"rendered":"El Consell Cient\u00edfic Assessor de ValER es reuneix per primera vegada per a definir els criteris d&#8217;avaluaci\u00f3 de la pr\u00f2xima convocat\u00f2ria"},"content":{"rendered":"\t\t<div data-elementor-type=\"wp-post\" data-elementor-id=\"11297\" class=\"elementor elementor-11297 elementor-11296\" data-elementor-post-type=\"post\">\n\t\t\t\t\t\t<section class=\"elementor-section elementor-top-section elementor-element elementor-element-30fff54 elementor-section-height-min-height elementor-section-content-middle elementor-section-stretched animated-slow elementor-section-boxed elementor-section-height-default elementor-section-items-middle elementor-invisible\" data-id=\"30fff54\" data-element_type=\"section\" data-e-type=\"section\" data-settings=\"{&quot;background_background&quot;:&quot;classic&quot;,&quot;stretch_section&quot;:&quot;section-stretched&quot;,&quot;animation&quot;:&quot;fadeIn&quot;,&quot;animation_delay&quot;:100}\">\n\t\t\t\t\t\t<div class=\"elementor-container elementor-column-gap-default\">\n\t\t\t\t\t<div class=\"elementor-column elementor-col-100 elementor-top-column elementor-element elementor-element-ec4b599\" data-id=\"ec4b599\" data-element_type=\"column\" data-e-type=\"column\">\n\t\t\t<div class=\"elementor-widget-wrap\">\n\t\t\t\t\t\t\t<\/div>\n\t\t<\/div>\n\t\t\t\t\t<\/div>\n\t\t<\/section>\n\t\t\t\t<section class=\"elementor-section elementor-top-section elementor-element elementor-element-5528068 elementor-section-stretched animated-slow elementor-section-boxed elementor-section-height-default elementor-section-height-default elementor-invisible\" data-id=\"5528068\" data-element_type=\"section\" data-e-type=\"section\" data-settings=\"{&quot;background_background&quot;:&quot;classic&quot;,&quot;stretch_section&quot;:&quot;section-stretched&quot;,&quot;animation&quot;:&quot;fadeIn&quot;,&quot;animation_delay&quot;:100}\">\n\t\t\t\t\t\t<div class=\"elementor-container elementor-column-gap-default\">\n\t\t\t\t\t<div class=\"elementor-column elementor-col-100 elementor-top-column elementor-element elementor-element-f5a688b\" data-id=\"f5a688b\" data-element_type=\"column\" data-e-type=\"column\">\n\t\t\t<div class=\"elementor-widget-wrap elementor-element-populated\">\n\t\t\t\t\t\t<div class=\"elementor-element elementor-element-47efef4 elementor-widget elementor-widget-heading\" data-id=\"47efef4\" data-element_type=\"widget\" data-e-type=\"widget\" data-widget_type=\"heading.default\">\n\t\t\t\t<div class=\"elementor-widget-container\">\n\t\t\t\t\t<h1 class=\"elementor-heading-title elementor-size-large\">El Consell Cient\u00edfic Assessor de ValER es reuneix per primera vegada per a definir els criteris d&#8217;avaluaci\u00f3 de la pr\u00f2xima convocat\u00f2ria<\/h1>\t\t\t\t<\/div>\n\t\t\t\t<\/div>\n\t\t\t\t\t<\/div>\n\t\t<\/div>\n\t\t\t\t\t<\/div>\n\t\t<\/section>\n\t\t\t\t<section class=\"elementor-section elementor-top-section elementor-element elementor-element-523686c elementor-section-boxed elementor-section-height-default elementor-section-height-default\" data-id=\"523686c\" data-element_type=\"section\" data-e-type=\"section\">\n\t\t\t\t\t\t<div class=\"elementor-container elementor-column-gap-default\">\n\t\t\t\t\t<div class=\"elementor-column elementor-col-100 elementor-top-column elementor-element elementor-element-88b8b96\" data-id=\"88b8b96\" data-element_type=\"column\" data-e-type=\"column\">\n\t\t\t<div class=\"elementor-widget-wrap elementor-element-populated\">\n\t\t\t\t\t\t<div class=\"elementor-element elementor-element-34ad4c0 elementor-widget elementor-widget-text-editor\" data-id=\"34ad4c0\" data-element_type=\"widget\" data-e-type=\"widget\" data-widget_type=\"text-editor.default\">\n\t\t\t\t<div class=\"elementor-widget-container\">\n\t\t\t\t\t\t\t\t\t<ul>\n \t<li><strong>Benic\u00e0ssim acull la jornada de treball del Consell Cient\u00edfic, format per investigadores i investigadors de primer nivell internacional.<\/strong><\/li>\n<\/ul>\t\t\t\t\t\t\t\t<\/div>\n\t\t\t\t<\/div>\n\t\t\t\t\t<\/div>\n\t\t<\/div>\n\t\t\t\t\t<\/div>\n\t\t<\/section>\n\t\t\t\t<section class=\"elementor-section elementor-top-section elementor-element elementor-element-96bf6a3 elementor-section-boxed elementor-section-height-default elementor-section-height-default\" data-id=\"96bf6a3\" data-element_type=\"section\" data-e-type=\"section\">\n\t\t\t\t\t\t<div class=\"elementor-container elementor-column-gap-default\">\n\t\t\t\t\t<div class=\"elementor-column elementor-col-100 elementor-top-column elementor-element elementor-element-6a197c9\" data-id=\"6a197c9\" data-element_type=\"column\" data-e-type=\"column\">\n\t\t\t<div class=\"elementor-widget-wrap elementor-element-populated\">\n\t\t\t\t\t\t<div class=\"elementor-element elementor-element-f3ffbe7 elementor-widget elementor-widget-text-editor\" data-id=\"f3ffbe7\" data-element_type=\"widget\" data-e-type=\"widget\" data-widget_type=\"text-editor.default\">\n\t\t\t\t<div class=\"elementor-widget-container\">\n\t\t\t\t\t\t\t\t\t<p>El Consell Cient\u00edfic Assessor de ValER (Fundaci\u00f3 Valenciana per a la Investigaci\u00f3 d&#8217;Excel\u00b7l\u00e8ncia o Valencian Foundation for Excellence in Research) s&#8217;ha reunit per primera vegada de manera presencial a Benic\u00e0ssim en una jornada de treball en la qual s&#8217;han definit els criteris d&#8217;avaluaci\u00f3 de la pr\u00f2xima convocat\u00f2ria.<\/p><p>La secret\u00e0ria auton\u00f2mica d&#8217;Universitats i Investigaci\u00f3, Carmen Bevi\u00e1, ha destacat que ValER &#8220;busca promoure mecanismes de suport al desenvolupament de la carrera professional per a la incorporaci\u00f3 i la retenci\u00f3 de personal cient\u00edfic d&#8217;excel\u00b7l\u00e8ncia internacional&#8221;.<\/p><p>L&#8217;objectiu estrat\u00e8gic, segons ha subratllat, &#8220;se centra a contribuir a l&#8217;impuls, la promoci\u00f3 i el desenvolupament de la investigaci\u00f3 i el coneixement cient\u00edfic, human\u00edstic i tecnol\u00f2gic en benefici de la societat, les universitats, els centres d&#8217;investigaci\u00f3 i la comunitat cient\u00edfica en general&#8221;.<\/p><p>En aquest sentit, la Fundaci\u00f3 podr\u00e0 participar en el foment de l\u00ednies d&#8217;investigaci\u00f3 en universitats, centres o instituts d&#8217;investigaci\u00f3, p\u00fablics o privats, aix\u00ed com establir col\u00b7laboracions amb institucions i organismes nacionals i estrangers.<\/p><p>A m\u00e9s, actuar\u00e0 en totes les universitats i els centres d&#8217;investigaci\u00f3 de la Comunitat Valenciana, amb la finalitat d&#8217;afavorir la producci\u00f3 de coneixement cient\u00edfic, refor\u00e7ar grups d&#8217;investigaci\u00f3 i establir col\u00b7laboracions cient\u00edfiques i acad\u00e8miques amb les universitats i els centres d&#8217;investigaci\u00f3, nacionals i internacionals, aix\u00ed com amb el sector privat.<\/p><p>En aquesta mateixa l\u00ednia, la directora cient\u00edfica de ValER, Rosa Llusar, ha destacat &#8220;la import\u00e0ncia que el Consell Cient\u00edfic, amb investigadores i investigadors d&#8217;alt nivell, es reunisca per a definir els criteris d&#8217;avaluaci\u00f3 que permetran atraure investigadors d&#8217;excel\u00b7l\u00e8ncia de tot el m\u00f3n&#8221;.<\/p><p>Rosa Llusar ha subratllat que &#8220;amb talent es fa bona ci\u00e8ncia i ValER pret\u00e9n ser un pol d&#8217;atracci\u00f3 de talent per al sistema cient\u00edfic valenci\u00e0, amb la finalitat d&#8217;augmentar-ne encara m\u00e9s els nivells d&#8217;excel\u00b7l\u00e8ncia i situar-lo a l&#8217;avantguarda d&#8217;Europa&#8221;.<\/p><p>Les persones que integren el Consell Cient\u00edfic s\u00f3n Mar\u00eda Vallet Reg\u00ed, catedr\u00e0tica de Qu\u00edmica Inorg\u00e0nica a la Facultat de Farm\u00e0cia de la Universitat Complutense de Madrid, Premi Nacional d&#8217;Investigaci\u00f3 en enginyeria en 2008 i Premi Rei Jaume I d&#8217;investigaci\u00f3 b\u00e0sica en 2018; Xavier Querol, professor d&#8217;Investigaci\u00f3 del CSIC a l&#8217;Institut de Diagn\u00f2stic Ambiental i Estudis de l&#8217;Aigua (IDAEA), Premi Rei Jaume I de protecci\u00f3 de medi ambient en 2013 i Premi Nacional d&#8217;Investigaci\u00f3 en l&#8217;\u00e0rea de ci\u00e8ncies i tecnologies dels recursos naturals en 2020; Reinhilde Veugelers, catedr\u00e0tica d&#8217;Economia i Negocis a la Universitat Cat\u00f2lica de Lovaina (B\u00e8lgica), que no ha pogut assistir i ha participat telem\u00e0ticament; Edgar Chambers, professor distingit del Departament d&#8217;Aliments, Nutrici\u00f3, Diet\u00e8tica i Salut de la Universitat de Kansas, i Nekane Balluerka, catedr\u00e0tica de l&#8217;\u00e0rea de Metodologia de les Ci\u00e8ncies del Comportament a la Universitat del Pa\u00eds Basc i rectora de la Universitat del Pa\u00eds Basc des de 2017 fins a 2020.<\/p>\t\t\t\t\t\t\t\t<\/div>\n\t\t\t\t<\/div>\n\t\t\t\t\t<\/div>\n\t\t<\/div>\n\t\t\t\t\t<\/div>\n\t\t<\/section>\n\t\t\t\t<section class=\"elementor-section elementor-top-section elementor-element elementor-element-b852c6c elementor-section-boxed elementor-section-height-default elementor-section-height-default\" data-id=\"b852c6c\" data-element_type=\"section\" data-e-type=\"section\">\n\t\t\t\t\t\t<div class=\"elementor-container elementor-column-gap-default\">\n\t\t\t\t\t<div class=\"elementor-column elementor-col-100 elementor-top-column elementor-element elementor-element-b8275ee\" data-id=\"b8275ee\" data-element_type=\"column\" data-e-type=\"column\">\n\t\t\t<div class=\"elementor-widget-wrap elementor-element-populated\">\n\t\t\t\t\t\t<div class=\"elementor-element elementor-element-67c3f76 elementor-widget elementor-widget-shortcode\" data-id=\"67c3f76\" data-element_type=\"widget\" data-e-type=\"widget\" data-widget_type=\"shortcode.default\">\n\t\t\t\t<div class=\"elementor-widget-container\">\n\t\t\t\t\t\t\t<div class=\"elementor-shortcode\">\t\t<div data-elementor-type=\"section\" data-elementor-id=\"11135\" class=\"elementor elementor-11135 elementor-5013 elementor-5013\" data-elementor-post-type=\"elementor_library\">\n\t\t\t\t\t<section class=\"elementor-section elementor-top-section elementor-element elementor-element-1035739 elementor-section-boxed elementor-section-height-default elementor-section-height-default\" data-id=\"1035739\" data-element_type=\"section\" data-e-type=\"section\">\n\t\t\t\t\t\t<div class=\"elementor-container elementor-column-gap-default\">\n\t\t\t\t\t<div class=\"elementor-column elementor-col-100 elementor-top-column elementor-element elementor-element-659fcbc\" data-id=\"659fcbc\" data-element_type=\"column\" data-e-type=\"column\">\n\t\t\t<div class=\"elementor-widget-wrap elementor-element-populated\">\n\t\t\t\t\t\t<div class=\"elementor-element elementor-element-0b60a81 elementor-widget-divider--view-line elementor-widget elementor-widget-divider\" data-id=\"0b60a81\" data-element_type=\"widget\" data-e-type=\"widget\" data-widget_type=\"divider.default\">\n\t\t\t\t<div class=\"elementor-widget-container\">\n\t\t\t\t\t\t\t<div class=\"elementor-divider\">\n\t\t\t<span class=\"elementor-divider-separator\">\n\t\t\t\t\t\t<\/span>\n\t\t<\/div>\n\t\t\t\t\t\t<\/div>\n\t\t\t\t<\/div>\n\t\t\t\t\t<\/div>\n\t\t<\/div>\n\t\t\t\t\t<\/div>\n\t\t<\/section>\n\t\t\t\t<section class=\"elementor-section elementor-top-section elementor-element elementor-element-791e3d6 elementor-section-boxed elementor-section-height-default elementor-section-height-default\" data-id=\"791e3d6\" data-element_type=\"section\" data-e-type=\"section\">\n\t\t\t\t\t\t<div class=\"elementor-container elementor-column-gap-default\">\n\t\t\t\t\t<div class=\"elementor-column elementor-col-100 elementor-top-column elementor-element elementor-element-3d5672d\" data-id=\"3d5672d\" data-element_type=\"column\" data-e-type=\"column\">\n\t\t\t<div class=\"elementor-widget-wrap elementor-element-populated\">\n\t\t\t\t\t\t<div class=\"elementor-element elementor-element-a77795f elementor-widget elementor-widget-shortcode\" data-id=\"a77795f\" data-element_type=\"widget\" data-e-type=\"widget\" id=\"custom-share-icons\" data-widget_type=\"shortcode.default\">\n\t\t\t\t<div class=\"elementor-widget-container\">\n\t\t\t\t\t\t\t<div class=\"elementor-shortcode\"><div class=\"single-share-box \"><div class=\"share-link-description\">Compartir aquesta publicaci\u00f3<\/div><div class=\"share-buttons\"><a class=\"facebook\" href=\"https:\/\/www.facebook.com\/sharer.php?u=https%3A%2F%2Fwww.valer-f.es%2Fca%2Fel-consell-cientific-assessor-de-valer-es-reuneix-per-primera-vegada-per-a-definir-els-criteris-davaluacio-de-la-proxima-convocatoria%2F&#038;t=El+Consell+Cient%C3%ADfic+Assessor+de+ValER+es+reuneix+per+primera+vegada+per+a+definir+els+criteris+d%27avaluaci%C3%B3+de+la+pr%C3%B2xima+convocat%C3%B2ria\" title=\"Facebook\" target=\"_blank\" ><span class=\"soc-font-icon\"><\/span><span class=\"social-text\">Share on Facebook<\/span><span class=\"screen-reader-text\">Share on Facebook<\/span><\/a><a class=\"twitter\" href=\"https:\/\/twitter.com\/share?url=https%3A%2F%2Fwww.valer-f.es%2Fca%2Fel-consell-cientific-assessor-de-valer-es-reuneix-per-primera-vegada-per-a-definir-els-criteris-davaluacio-de-la-proxima-convocatoria%2F&#038;text=El+Consell+Cient%C3%ADfic+Assessor+de+ValER+es+reuneix+per+primera+vegada+per+a+definir+els+criteris+d%27avaluaci%C3%B3+de+la+pr%C3%B2xima+convocat%C3%B2ria\" title=\"X\" target=\"_blank\" ><span class=\"soc-font-icon\"><\/span><span class=\"social-text\">Share on X<\/span><span class=\"screen-reader-text\">Share on X<\/span><\/a><a class=\"pinterest pinit-marklet\" href=\"\/\/pinterest.com\/pin\/create\/button\/\" title=\"Pinterest\" target=\"_blank\"  data-pin-config=\"above\" data-pin-do=\"buttonBookmark\"><span class=\"soc-font-icon\"><\/span><span class=\"social-text\">Pin it<\/span><span class=\"screen-reader-text\">Share on Pinterest<\/span><\/a><a class=\"linkedin\" href=\"https:\/\/www.linkedin.com\/shareArticle?mini=true&#038;url=https%3A%2F%2Fwww.valer-f.es%2Fca%2Fel-consell-cientific-assessor-de-valer-es-reuneix-per-primera-vegada-per-a-definir-els-criteris-davaluacio-de-la-proxima-convocatoria%2F&#038;title=El%20Consell%20Cient%C3%ADfic%20Assessor%20de%20ValER%20es%20reuneix%20per%20primera%20vegada%20per%20a%20definir%20els%20criteris%20d%27avaluaci%C3%B3%20de%20la%20pr%C3%B2xima%20convocat%C3%B2ria&#038;summary=&#038;source=ValER\" title=\"LinkedIn\" target=\"_blank\" ><span class=\"soc-font-icon\"><\/span><span class=\"social-text\">Share on LinkedIn<\/span><span class=\"screen-reader-text\">Share on LinkedIn<\/span><\/a><a class=\"whatsapp\" href=\"https:\/\/api.whatsapp.com\/send?text=El%20Consell%20Cient%C3%ADfic%20Assessor%20de%20ValER%20es%20reuneix%20per%20primera%20vegada%20per%20a%20definir%20els%20criteris%20d%27avaluaci%C3%B3%20de%20la%20pr%C3%B2xima%20convocat%C3%B2ria%20-%20https%3A%2F%2Fwww.valer-f.es%2Fca%2Fel-consell-cientific-assessor-de-valer-es-reuneix-per-primera-vegada-per-a-definir-els-criteris-davaluacio-de-la-proxima-convocatoria%2F\" title=\"WhatsApp\" target=\"_blank\"  data-action=\"share\/whatsapp\/share\"><span class=\"soc-font-icon\"><\/span><span class=\"social-text\">Share on WhatsApp<\/span><span class=\"screen-reader-text\">Share on WhatsApp<\/span><\/a><\/div><\/div><\/div>\n\t\t\t\t\t\t<\/div>\n\t\t\t\t<\/div>\n\t\t\t\t\t<\/div>\n\t\t<\/div>\n\t\t\t\t\t<\/div>\n\t\t<\/section>\n\t\t\t\t<section class=\"elementor-section elementor-top-section elementor-element elementor-element-2120c25 elementor-section-boxed elementor-section-height-default elementor-section-height-default\" data-id=\"2120c25\" data-element_type=\"section\" data-e-type=\"section\">\n\t\t\t\t\t\t<div class=\"elementor-container elementor-column-gap-default\">\n\t\t\t\t\t<div class=\"elementor-column elementor-col-100 elementor-top-column elementor-element elementor-element-1d957fc\" data-id=\"1d957fc\" data-element_type=\"column\" data-e-type=\"column\">\n\t\t\t<div class=\"elementor-widget-wrap elementor-element-populated\">\n\t\t\t\t\t\t<div class=\"elementor-element elementor-element-4af67e2 elementor-widget-divider--view-line elementor-widget elementor-widget-divider\" data-id=\"4af67e2\" data-element_type=\"widget\" data-e-type=\"widget\" data-widget_type=\"divider.default\">\n\t\t\t\t<div class=\"elementor-widget-container\">\n\t\t\t\t\t\t\t<div class=\"elementor-divider\">\n\t\t\t<span class=\"elementor-divider-separator\">\n\t\t\t\t\t\t<\/span>\n\t\t<\/div>\n\t\t\t\t\t\t<\/div>\n\t\t\t\t<\/div>\n\t\t\t\t\t<\/div>\n\t\t<\/div>\n\t\t\t\t\t<\/div>\n\t\t<\/section>\n\t\t\t\t<section class=\"elementor-section elementor-top-section elementor-element elementor-element-484e5abc elementor-section-boxed elementor-section-height-default elementor-section-height-default\" data-id=\"484e5abc\" data-element_type=\"section\" data-e-type=\"section\" data-settings=\"{&quot;background_background&quot;:&quot;classic&quot;}\">\n\t\t\t\t\t\t<div class=\"elementor-container elementor-column-gap-default\">\n\t\t\t\t\t<div class=\"elementor-column elementor-col-100 elementor-top-column elementor-element elementor-element-685c7515\" data-id=\"685c7515\" data-element_type=\"column\" data-e-type=\"column\">\n\t\t\t<div class=\"elementor-widget-wrap elementor-element-populated\">\n\t\t\t\t\t\t<div class=\"elementor-element elementor-element-3a2d1b7a elementor-widget elementor-widget-text-editor\" data-id=\"3a2d1b7a\" data-element_type=\"widget\" data-e-type=\"widget\" data-widget_type=\"text-editor.default\">\n\t\t\t\t<div class=\"elementor-widget-container\">\n\t\t\t\t\t\t\t\t\t<h2>\u00daLTIMES NOT\u00cdCIES<\/h2>\t\t\t\t\t\t\t\t<\/div>\n\t\t\t\t<\/div>\n\t\t\t\t<div class=\"elementor-element elementor-element-6081c0a4 arrows-relative-to-box_area preserve-img-ratio-cover bullets-small-dot-stroke elementor-widget elementor-widget-the7_elements_carousel\" data-id=\"6081c0a4\" data-element_type=\"widget\" data-e-type=\"widget\" data-settings=\"{&quot;gap_between_posts&quot;:{&quot;unit&quot;:&quot;px&quot;,&quot;size&quot;:30,&quot;sizes&quot;:[]},&quot;widget_columns&quot;:3,&quot;widget_columns_tablet&quot;:2,&quot;widget_columns_mobile&quot;:1,&quot;gap_between_posts_tablet&quot;:{&quot;unit&quot;:&quot;px&quot;,&quot;size&quot;:&quot;&quot;,&quot;sizes&quot;:[]},&quot;gap_between_posts_mobile&quot;:{&quot;unit&quot;:&quot;px&quot;,&quot;size&quot;:&quot;&quot;,&quot;sizes&quot;:[]}}\" data-widget_type=\"the7_elements_carousel.default\">\n\t\t\t\t<div class=\"elementor-widget-container\">\n\t\t\t\t\t<div class=\"disable-arrows-hover-bg the7_elements_carousel-6081c0a4 owl-carousel portfolio-carousel-shortcode elementor-owl-carousel-call portfolio-shortcode the7-elementor-widget content-bg-on classic-layout-list description-under-image meta-info-off enable-bg-rollover\" data-scroll-mode=\"1\" data-auto-height=\"false\" data-speed=\"1000\" data-autoplay=\"false\" data-autoplay_speed=\"\"><article class=\"post visible post-14843 type-post status-publish format-standard has-post-thumbnail hentry category-noticies\">\n\n\t<div class=\"post-thumbnail-wrap\">\n\t\t<div class=\"post-thumbnail\">\n\n\t\t\t<a class=\"post-thumbnail-rollover layzr-bg img-css-resize-wrapper\" aria-label=\"Post image\" href=\"https:\/\/www.valer-f.es\/ca\/la-consellera-deducacio-cultura-i-universitats-rep-al-professor-wael-el-deredy-primer-investigador-distingit-incorporat-a-la-fundacio-valer-en-el-marc-del-seu-programa-de-captacio-de-talent-cientif\/\"><img fetchpriority=\"high\" decoding=\"async\" width=\"1500\" height=\"1300\" src=\"data:image\/svg+xml,%3Csvg%20xmlns%3D&#039;http%3A%2F%2Fwww.w3.org%2F2000%2Fsvg&#039;%20viewBox%3D&#039;0%200%201500%201300&#039;%2F%3E\" class=\"attachment-full size-full preload-me aspect lazy lazy-load\" alt=\"\" sizes=\"(max-width: 1500px) 100vw, 1500px\" style=\"--ratio: 1500 \/ 1300;\" data-src=\"https:\/\/www.valer-f.es\/wp-content\/uploads\/2026\/02\/260223_EDUC_VAIER_id.jpg\" loading=\"eager\" data-srcset=\"https:\/\/www.valer-f.es\/wp-content\/uploads\/2026\/02\/260223_EDUC_VAIER_id.jpg 1500w, https:\/\/www.valer-f.es\/wp-content\/uploads\/2026\/02\/260223_EDUC_VAIER_id-300x260.jpg 300w, https:\/\/www.valer-f.es\/wp-content\/uploads\/2026\/02\/260223_EDUC_VAIER_id-1024x887.jpg 1024w, https:\/\/www.valer-f.es\/wp-content\/uploads\/2026\/02\/260223_EDUC_VAIER_id-768x666.jpg 768w\" \/><\/a>\n\t\t<\/div>\n\t<\/div>\n\n\n<div class=\"post-entry-content\">\n\n\t<h3 class=\"ele-entry-title\"><a href=\"https:\/\/www.valer-f.es\/ca\/la-consellera-deducacio-cultura-i-universitats-rep-al-professor-wael-el-deredy-primer-investigador-distingit-incorporat-a-la-fundacio-valer-en-el-marc-del-seu-programa-de-captacio-de-talent-cientif\/\" rel=\"bookmark\" title=\"La Consellera d&#8217;Educaci\u00f3, Cultura i Universitats rep al professor Wael El-Deredy, primer investigador distingit incorporat a la Fundaci\u00f3 ValER en el marc del seu programa de captaci\u00f3 de talent cient\u00edfic\">La Consellera d&#8217;Educaci\u00f3, Cultura i Universitats rep al professor Wael El-Deredy, primer investigador distingit incorporat a la Fundaci\u00f3 ValER en el marc del seu programa de captaci\u00f3 de talent cient\u00edfic<\/a><\/h3>\n<\/div><\/article><article class=\"post visible post-15002 type-post status-publish format-standard has-post-thumbnail hentry category-noticies\">\n\n\t<div class=\"post-thumbnail-wrap\">\n\t\t<div class=\"post-thumbnail\">\n\n\t\t\t<a class=\"post-thumbnail-rollover layzr-bg img-css-resize-wrapper\" aria-label=\"Post image\" href=\"https:\/\/www.valer-f.es\/ca\/valer-culmina-amb-exit-la-seua-primera-convocatoria-i-incorpora-a-la-comunitat-valenciana-talent-investigador-dexcel%c2%b7lencia-internacional\/\"><img decoding=\"async\" width=\"1000\" height=\"667\" src=\"data:image\/svg+xml,%3Csvg%20xmlns%3D&#039;http%3A%2F%2Fwww.w3.org%2F2000%2Fsvg&#039;%20viewBox%3D&#039;0%200%201000%20667&#039;%2F%3E\" class=\"attachment-full size-full preload-me aspect lazy lazy-load\" alt=\"Resultado Convocatorias ValER 2025\" sizes=\"(max-width: 1000px) 100vw, 1000px\" style=\"--ratio: 1000 \/ 667;\" data-src=\"https:\/\/www.valer-f.es\/wp-content\/uploads\/2026\/04\/resultado-convocatorias-valER-2025-id.jpg\" loading=\"eager\" data-srcset=\"https:\/\/www.valer-f.es\/wp-content\/uploads\/2026\/04\/resultado-convocatorias-valER-2025-id.jpg 1000w, https:\/\/www.valer-f.es\/wp-content\/uploads\/2026\/04\/resultado-convocatorias-valER-2025-id-300x200.jpg 300w, https:\/\/www.valer-f.es\/wp-content\/uploads\/2026\/04\/resultado-convocatorias-valER-2025-id-768x512.jpg 768w\" \/><\/a>\n\t\t<\/div>\n\t<\/div>\n\n\n<div class=\"post-entry-content\">\n\n\t<h3 class=\"ele-entry-title\"><a href=\"https:\/\/www.valer-f.es\/ca\/valer-culmina-amb-exit-la-seua-primera-convocatoria-i-incorpora-a-la-comunitat-valenciana-talent-investigador-dexcel%c2%b7lencia-internacional\/\" rel=\"bookmark\" title=\"ValER culmina amb \u00e8xit la seua primera convocat\u00f2ria i incorpora a la Comunitat Valenciana talent investigador d&#8217;excel\u00b7l\u00e8ncia internacional\">ValER culmina amb \u00e8xit la seua primera convocat\u00f2ria i incorpora a la Comunitat Valenciana talent investigador d&#8217;excel\u00b7l\u00e8ncia internacional<\/a><\/h3>\n<\/div><\/article><article class=\"post visible post-13618 type-post status-publish format-standard has-post-thumbnail hentry category-noticies\">\n\n\t<div class=\"post-thumbnail-wrap\">\n\t\t<div class=\"post-thumbnail\">\n\n\t\t\t<a class=\"post-thumbnail-rollover layzr-bg img-css-resize-wrapper\" aria-label=\"Post image\" href=\"https:\/\/www.valer-f.es\/ca\/webinar-convocatoria-valer-2025-de-plazas-permanentes-de-investigador-distinguido-en-la-c-valenciana-12-03-2025-de-1000-a-1100-cet\/\"><img decoding=\"async\" width=\"1920\" height=\"800\" src=\"data:image\/svg+xml,%3Csvg%20xmlns%3D&#039;http%3A%2F%2Fwww.w3.org%2F2000%2Fsvg&#039;%20viewBox%3D&#039;0%200%201920%20800&#039;%2F%3E\" class=\"attachment-full size-full preload-me aspect lazy lazy-load\" alt=\"\" sizes=\"(max-width: 1920px) 100vw, 1920px\" style=\"--ratio: 1920 \/ 800;\" data-src=\"https:\/\/www.valer-f.es\/wp-content\/uploads\/2025\/01\/valer-header-newsletter.jpg\" loading=\"eager\" data-srcset=\"https:\/\/www.valer-f.es\/wp-content\/uploads\/2025\/01\/valer-header-newsletter.jpg 1920w, https:\/\/www.valer-f.es\/wp-content\/uploads\/2025\/01\/valer-header-newsletter-300x125.jpg 300w, https:\/\/www.valer-f.es\/wp-content\/uploads\/2025\/01\/valer-header-newsletter-1024x427.jpg 1024w, https:\/\/www.valer-f.es\/wp-content\/uploads\/2025\/01\/valer-header-newsletter-768x320.jpg 768w, https:\/\/www.valer-f.es\/wp-content\/uploads\/2025\/01\/valer-header-newsletter-1536x640.jpg 1536w\" \/><\/a>\n\t\t<\/div>\n\t<\/div>\n\n\n<div class=\"post-entry-content\">\n\n\t<h3 class=\"ele-entry-title\"><a href=\"https:\/\/www.valer-f.es\/ca\/webinar-convocatoria-valer-2025-de-plazas-permanentes-de-investigador-distinguido-en-la-c-valenciana-12-03-2025-de-1000-a-1100-cet\/\" rel=\"bookmark\" title=\"Seminari web \u201cCONVOCAT\u00d2RIA ValER 2025 DE PLACES PERMANENTS D&#8217;INVESTIGADOR DISTINGIT EN LA COMUNITAT VALENCIANA\u201d 12\/03\/2025 de 10.00 a 11.00 CET\">Seminari web \u201cCONVOCAT\u00d2RIA ValER 2025 DE PLACES PERMANENTS D&#8217;INVESTIGADOR DISTINGIT EN LA COMUNITAT VALENCIANA\u201d 12\/03\/2025 de 10.00 a 11.00 CET<\/a><\/h3>\n<\/div><\/article><article class=\"post visible post-13389 type-post status-publish format-standard has-post-thumbnail hentry category-noticies\">\n\n\t<div class=\"post-thumbnail-wrap\">\n\t\t<div class=\"post-thumbnail\">\n\n\t\t\t<a class=\"post-thumbnail-rollover layzr-bg img-css-resize-wrapper\" aria-label=\"Post image\" href=\"https:\/\/www.valer-f.es\/ca\/presentacio-de-la-primera-convocatoria-valer-de-places-permanents-dinvestigador-distingit-en-la-comunitat-valenciana\/\"><img decoding=\"async\" width=\"2560\" height=\"1707\" src=\"data:image\/svg+xml,%3Csvg%20xmlns%3D&#039;http%3A%2F%2Fwww.w3.org%2F2000%2Fsvg&#039;%20viewBox%3D&#039;0%200%202560%201707&#039;%2F%3E\" class=\"attachment-full size-full preload-me aspect lazy lazy-load\" alt=\"\" sizes=\"(max-width: 2560px) 100vw, 2560px\" style=\"--ratio: 2560 \/ 1707;\" data-src=\"https:\/\/www.valer-f.es\/wp-content\/uploads\/2025\/02\/1-principal-scaled.jpg\" loading=\"eager\" data-srcset=\"https:\/\/www.valer-f.es\/wp-content\/uploads\/2025\/02\/1-principal-scaled.jpg 2560w, https:\/\/www.valer-f.es\/wp-content\/uploads\/2025\/02\/1-principal-300x200.jpg 300w, https:\/\/www.valer-f.es\/wp-content\/uploads\/2025\/02\/1-principal-1024x683.jpg 1024w, https:\/\/www.valer-f.es\/wp-content\/uploads\/2025\/02\/1-principal-768x512.jpg 768w, https:\/\/www.valer-f.es\/wp-content\/uploads\/2025\/02\/1-principal-1536x1024.jpg 1536w, https:\/\/www.valer-f.es\/wp-content\/uploads\/2025\/02\/1-principal-2048x1365.jpg 2048w\" \/><\/a>\n\t\t<\/div>\n\t<\/div>\n\n\n<div class=\"post-entry-content\">\n\n\t<h3 class=\"ele-entry-title\"><a href=\"https:\/\/www.valer-f.es\/ca\/presentacio-de-la-primera-convocatoria-valer-de-places-permanents-dinvestigador-distingit-en-la-comunitat-valenciana\/\" rel=\"bookmark\" title=\"Presentaci\u00f3 de la primera convocat\u00f2ria ValER de places permanents d&#8217;investigador distingit en la Comunitat Valenciana\">Presentaci\u00f3 de la primera convocat\u00f2ria ValER de places permanents d&#8217;investigador distingit en la Comunitat Valenciana<\/a><\/h3>\n<\/div><\/article><article class=\"post visible post-12665 type-post status-publish format-standard has-post-thumbnail hentry category-noticies\">\n\n\t<div class=\"post-thumbnail-wrap\">\n\t\t<div class=\"post-thumbnail\">\n\n\t\t\t<a class=\"post-thumbnail-rollover layzr-bg img-css-resize-wrapper\" aria-label=\"Post image\" href=\"https:\/\/www.valer-f.es\/ca\/la-directora-cientifica-de-valer-rosa-llusar-barelles-ha-sigut-guardonada-en-la-xxi-edicio-dels-premis-radi-castello-cadena-ser\/\"><img decoding=\"async\" width=\"1200\" height=\"800\" src=\"data:image\/svg+xml,%3Csvg%20xmlns%3D&#039;http%3A%2F%2Fwww.w3.org%2F2000%2Fsvg&#039;%20viewBox%3D&#039;0%200%201200%20800&#039;%2F%3E\" class=\"attachment-full size-full preload-me aspect lazy lazy-load\" alt=\"\" sizes=\"(max-width: 1200px) 100vw, 1200px\" style=\"--ratio: 1200 \/ 800;\" data-src=\"https:\/\/www.valer-f.es\/wp-content\/uploads\/2024\/10\/NOTICIA_211024.jpg\" loading=\"eager\" data-srcset=\"https:\/\/www.valer-f.es\/wp-content\/uploads\/2024\/10\/NOTICIA_211024.jpg 1200w, https:\/\/www.valer-f.es\/wp-content\/uploads\/2024\/10\/NOTICIA_211024-300x200.jpg 300w, https:\/\/www.valer-f.es\/wp-content\/uploads\/2024\/10\/NOTICIA_211024-1024x683.jpg 1024w, https:\/\/www.valer-f.es\/wp-content\/uploads\/2024\/10\/NOTICIA_211024-768x512.jpg 768w\" \/><\/a>\n\t\t<\/div>\n\t<\/div>\n\n\n<div class=\"post-entry-content\">\n\n\t<h3 class=\"ele-entry-title\"><a href=\"https:\/\/www.valer-f.es\/ca\/la-directora-cientifica-de-valer-rosa-llusar-barelles-ha-sigut-guardonada-en-la-xxi-edicio-dels-premis-radi-castello-cadena-ser\/\" rel=\"bookmark\" title=\"La Directora Cient\u00edfica de ValER, Rosa Llusar, ha sigut guardonada en la XXI edici\u00f3 dels Premis Radi Castell\u00f3-Cadena SER\">La Directora Cient\u00edfica de ValER, Rosa Llusar, ha sigut guardonada en la XXI edici\u00f3 dels Premis Radi Castell\u00f3-Cadena SER<\/a><\/h3>\n<\/div><\/article><article class=\"post visible post-12592 type-post status-publish format-standard has-post-thumbnail hentry category-noticies\">\n\n\t<div class=\"post-thumbnail-wrap\">\n\t\t<div class=\"post-thumbnail\">\n\n\t\t\t<a class=\"post-thumbnail-rollover layzr-bg img-css-resize-wrapper\" aria-label=\"Post image\" href=\"https:\/\/www.valer-f.es\/ca\/mazon-reforcem-els-programes-dinvestigacio-i-atraccio-del-talent-per-a-situar-a-les-universitats-en-lavantguarda-del-coneixement-i-la-transferencia-al-teixit-productiu\/\"><img decoding=\"async\" width=\"1920\" height=\"1280\" src=\"data:image\/svg+xml,%3Csvg%20xmlns%3D&#039;http%3A%2F%2Fwww.w3.org%2F2000%2Fsvg&#039;%20viewBox%3D&#039;0%200%201920%201280&#039;%2F%3E\" class=\"attachment-full size-full preload-me aspect lazy lazy-load\" alt=\"\" sizes=\"(max-width: 1920px) 100vw, 1920px\" style=\"--ratio: 1920 \/ 1280;\" data-src=\"https:\/\/www.valer-f.es\/wp-content\/uploads\/2024\/09\/apertura-curso-universitario-carlos-mazon.jpg\" loading=\"eager\" data-srcset=\"https:\/\/www.valer-f.es\/wp-content\/uploads\/2024\/09\/apertura-curso-universitario-carlos-mazon.jpg 1920w, https:\/\/www.valer-f.es\/wp-content\/uploads\/2024\/09\/apertura-curso-universitario-carlos-mazon-300x200.jpg 300w, https:\/\/www.valer-f.es\/wp-content\/uploads\/2024\/09\/apertura-curso-universitario-carlos-mazon-1024x683.jpg 1024w, https:\/\/www.valer-f.es\/wp-content\/uploads\/2024\/09\/apertura-curso-universitario-carlos-mazon-768x512.jpg 768w, https:\/\/www.valer-f.es\/wp-content\/uploads\/2024\/09\/apertura-curso-universitario-carlos-mazon-1536x1024.jpg 1536w\" \/><\/a>\n\t\t<\/div>\n\t<\/div>\n\n\n<div class=\"post-entry-content\">\n\n\t<h3 class=\"ele-entry-title\"><a href=\"https:\/\/www.valer-f.es\/ca\/mazon-reforcem-els-programes-dinvestigacio-i-atraccio-del-talent-per-a-situar-a-les-universitats-en-lavantguarda-del-coneixement-i-la-transferencia-al-teixit-productiu\/\" rel=\"bookmark\" title=\"Maz\u00f3n: \u201cReforcem els programes d&#8217;investigaci\u00f3 i atracci\u00f3 del talent per a situar a les universitats en l&#8217;avantguarda del coneixement i la transfer\u00e8ncia al teixit productiu\u201d\">Maz\u00f3n: \u201cReforcem els programes d&#8217;investigaci\u00f3 i atracci\u00f3 del talent per a situar a les universitats en l&#8217;avantguarda del coneixement i la transfer\u00e8ncia al teixit productiu\u201d<\/a><\/h3>\n<\/div><\/article><\/div><div class=\"owl-nav disabled\"><div class=\"owl-prev\" role=\"button\" tabindex=\"0\" aria-label=\"Prev slide\"><i class=\"fas fa-chevron-left\"><\/i><\/div><div class=\"owl-next\" role=\"button\" tabindex=\"0\" aria-label=\"Next slide\"><i class=\"fas fa-chevron-right\"><\/i><\/div><\/div>\t\t\t\t<\/div>\n\t\t\t\t<\/div>\n\t\t\t\t\t<\/div>\n\t\t<\/div>\n\t\t\t\t\t<\/div>\n\t\t<\/section>\n\t\t\t\t<\/div>\n\t\t<\/div>\n\t\t\t\t\t\t<\/div>\n\t\t\t\t<\/div>\n\t\t\t\t\t<\/div>\n\t\t<\/div>\n\t\t\t\t\t<\/div>\n\t\t<\/section>\n\t\t\t\t<\/div>\n\t\t","protected":false},"excerpt":{"rendered":"<p>Benic\u00e0ssim acull la jornada de treball del Consell Cient\u00edfic, format per investigadores i investigadors de primer nivell internacional.<\/p>\n","protected":false},"author":3,"featured_media":11300,"comment_status":"closed","ping_status":"open","sticky":false,"template":"","format":"standard","meta":{"footnotes":""},"categories":[77],"tags":[],"class_list":["post-11297","post","type-post","status-publish","format-standard","has-post-thumbnail","hentry","category-noticies"],"_links":{"self":[{"href":"https:\/\/www.valer-f.es\/ca\/wp-json\/wp\/v2\/posts\/11297","targetHints":{"allow":["GET"]}}],"collection":[{"href":"https:\/\/www.valer-f.es\/ca\/wp-json\/wp\/v2\/posts"}],"about":[{"href":"https:\/\/www.valer-f.es\/ca\/wp-json\/wp\/v2\/types\/post"}],"author":[{"embeddable":true,"href":"https:\/\/www.valer-f.es\/ca\/wp-json\/wp\/v2\/users\/3"}],"replies":[{"embeddable":true,"href":"https:\/\/www.valer-f.es\/ca\/wp-json\/wp\/v2\/comments?post=11297"}],"version-history":[{"count":0,"href":"https:\/\/www.valer-f.es\/ca\/wp-json\/wp\/v2\/posts\/11297\/revisions"}],"wp:featuredmedia":[{"embeddable":true,"href":"https:\/\/www.valer-f.es\/ca\/wp-json\/wp\/v2\/media\/11300"}],"wp:attachment":[{"href":"https:\/\/www.valer-f.es\/ca\/wp-json\/wp\/v2\/media?parent=11297"}],"wp:term":[{"taxonomy":"category","embeddable":true,"href":"https:\/\/www.valer-f.es\/ca\/wp-json\/wp\/v2\/categories?post=11297"},{"taxonomy":"post_tag","embeddable":true,"href":"https:\/\/www.valer-f.es\/ca\/wp-json\/wp\/v2\/tags?post=11297"}],"curies":[{"name":"wp","href":"https:\/\/api.w.org\/{rel}","templated":true}]}}